{"id":20252,"date":"2024-10-04T20:09:16","date_gmt":"2024-10-04T18:09:16","guid":{"rendered":"https:\/\/www.granadablogs.com\/juezcalatayud\/?p=20252"},"modified":"2024-10-04T20:09:16","modified_gmt":"2024-10-04T18:09:16","slug":"rosa-que-dejo-el-cole-a-los-once-anos-para-trabajar-quiere-ser-escritora","status":"publish","type":"post","link":"https:\/\/www.granadablogs.com\/juezcalatayud\/2024\/10\/rosa-que-dejo-el-cole-a-los-once-anos-para-trabajar-quiere-ser-escritora\/","title":{"rendered":"Rosa, que dej\u00f3 el cole a los once a\u00f1os para trabajar, quiere ser escritora"},"content":{"rendered":"<p style=\"text-align: left;\">Buenas, soy Emilio Calatayud. Rosa trabaja de cocinera en mi barrio, el Albaic\u00edn de Gran\u00e1.\u00a0 Me ha dicho que se ha le\u00eddo mis libros y que se le escap\u00f3 alguna lagrimilla de emoci\u00f3n. Luego me dijo que ella siempre quiso escribir, pero que tuvo que dejar el cole con once a\u00f1os y ni siquiera tiene el graduado escolar. Rosa quiere ser escritora y a m\u00ed se me ha escapado alguna lagrimilla de emoci\u00f3n al escucharla.<\/p>\n<p>&nbsp;<\/p>\n<p>Si quer\u00e9is suscribiros al blog de don Emilio lo pod\u00e9is hacer en la direcci\u00f3n que va ah\u00ed abajo y sus comentarios os llegar\u00e1n directamente.<\/p>\n<p style=\"text-align: left;\"><a href=\"https:\/\/www.granadablogs.com\/juezcalatayud\/2024\/03\/hay-chavales-que-solo-se-quieren-a-si-mismos-y-otros-que-no-se-quieren-nada-y-buscan-el-carino-en-las-redes\/?fbclid=IwAR2wwxCEIsrYcv2cQs0G6B8JQUHbFsVNU97_BWfeQFQM2IK0O95XwCD6Ro8#suscribete\">Haz clic aqu\u00ed y rellena el campo con tu email<\/a><\/p>\n","protected":false},"excerpt":{"rendered":"<p>Buenas, soy Emilio Calatayud. Rosa trabaja de cocinera en mi barrio, el Albaic\u00edn de Gran\u00e1.\u00a0 Me ha dicho que se ha le\u00eddo mis libros y que se le escap\u00f3 alguna lagrimilla de emoci\u00f3n. Luego me dijo que ella siempre quiso escribir, pero que tuvo que dejar el cole con once a\u00f1os y ni siquiera tiene [&hellip;]<\/p>\n","protected":false},"author":1,"featured_media":8048,"comment_status":"open","ping_status":"open","sticky":false,"template":"","format":"standard","meta":{"jetpack_post_was_ever_published":false,"_jetpack_newsletter_access":"","_jetpack_dont_email_post_to_subs":false,"_jetpack_newsletter_tier_id":0,"_jetpack_memberships_contains_paywalled_content":false,"_jetpack_memberships_contains_paid_content":false,"footnotes":""},"categories":[],"tags":[3863,3862,3861],"class_list":["post-20252","post","type-post","status-publish","format-standard","has-post-thumbnail","hentry","tag-cocinera","tag-escritora","tag-rosa"],"jetpack_featured_media_url":"https:\/\/www.granadablogs.com\/juezcalatayud\/wp-content\/uploads\/2018\/03\/Gafas.jpg","jetpack_shortlink":"https:\/\/wp.me\/p5fzW5-5gE","jetpack-related-posts":[],"jetpack_sharing_enabled":true,"_links":{"self":[{"href":"https:\/\/www.granadablogs.com\/juezcalatayud\/wp-json\/wp\/v2\/posts\/20252","targetHints":{"allow":["GET"]}}],"collection":[{"href":"https:\/\/www.granadablogs.com\/juezcalatayud\/wp-json\/wp\/v2\/posts"}],"about":[{"href":"https:\/\/www.granadablogs.com\/juezcalatayud\/wp-json\/wp\/v2\/types\/post"}],"author":[{"embeddable":true,"href":"https:\/\/www.granadablogs.com\/juezcalatayud\/wp-json\/wp\/v2\/users\/1"}],"replies":[{"embeddable":true,"href":"https:\/\/www.granadablogs.com\/juezcalatayud\/wp-json\/wp\/v2\/comments?post=20252"}],"version-history":[{"count":2,"href":"https:\/\/www.granadablogs.com\/juezcalatayud\/wp-json\/wp\/v2\/posts\/20252\/revisions"}],"predecessor-version":[{"id":20287,"href":"https:\/\/www.granadablogs.com\/juezcalatayud\/wp-json\/wp\/v2\/posts\/20252\/revisions\/20287"}],"wp:featuredmedia":[{"embeddable":true,"href":"https:\/\/www.granadablogs.com\/juezcalatayud\/wp-json\/wp\/v2\/media\/8048"}],"wp:attachment":[{"href":"https:\/\/www.granadablogs.com\/juezcalatayud\/wp-json\/wp\/v2\/media?parent=20252"}],"wp:term":[{"taxonomy":"category","embeddable":true,"href":"https:\/\/www.granadablogs.com\/juezcalatayud\/wp-json\/wp\/v2\/categories?post=20252"},{"taxonomy":"post_tag","embeddable":true,"href":"https:\/\/www.granadablogs.com\/juezcalatayud\/wp-json\/wp\/v2\/tags?post=20252"}],"curies":[{"name":"wp","href":"https:\/\/api.w.org\/{rel}","templated":true}]}}