{"id":2023,"date":"2012-10-01T15:07:38","date_gmt":"2012-10-01T14:07:38","guid":{"rendered":"http:\/\/www.granadablogs.com\/juezcalatayud\/?p=2023"},"modified":"2012-10-01T15:08:51","modified_gmt":"2012-10-01T14:08:51","slug":"arruinar-a-un-pais-tambien-deberia-ser-alta-traicion","status":"publish","type":"post","link":"https:\/\/www.granadablogs.com\/juezcalatayud\/2012\/10\/arruinar-a-un-pais-tambien-deberia-ser-alta-traicion\/","title":{"rendered":"Arruinar a un pa\u00eds tambi\u00e9n deber\u00eda ser alta traici\u00f3n"},"content":{"rendered":"<p>Lo que sigue a continuaci\u00f3n es una reflexi\u00f3n absolutamente personal del periodista Carlos Mor\u00e1n. Igual no tiene mucho que ver con la tem\u00e1tica habitual del este blog, pero es que hay cosas que dan un poco de rabia y, adem\u00e1s, no se entienden. Parece que los detenidos por participar en el &#8216;asedio&#8217; al Congreso pueden ser finalmente imputados por la presunta comisi\u00f3n de un delito contra las altas instituciones del Estado. Igual lo cometieron o igual no&#8230; No me meto en eso -si lo hicieron, que lo paguen y viceversa-. Lo que es sorprendente es que a alguien que arruina un banco y crea un pufo que luego tenemos que pagar entre todos, con las consiguientes recortes en sanidad, justicia o educaci\u00f3n, no se le juzgue tambi\u00e9n por atentar contra la m\u00e1s alta instituci\u00f3n de Espa\u00f1a: que es el propio pueblo espa\u00f1ol, o sea, todos nosotros.<br \/>\nLo mismo sucede con lo de la independencia de Catalu\u00f1a: hay voces que piden que se juzgue al se\u00f1or Mas por alta traici\u00f3n. Tampoco me meto en eso, pero me pregunto. \u00bfno es tambi\u00e9n alta traici\u00f3n a Espa\u00f1a tener la tasa de paro que tenemos?<br \/>\nAhora que el Gobierno anda proponiendo reformas en el C\u00f3digo Penal, no estar\u00eda de m\u00e1s que incluyera las conductas descritas como delitos contra el Estado. Digo yo&#8230;<\/p>\n","protected":false},"excerpt":{"rendered":"<p>Lo que sigue a continuaci\u00f3n es una reflexi\u00f3n absolutamente personal del periodista Carlos Mor\u00e1n. Igual no tiene mucho que ver con la tem\u00e1tica habitual del este blog, pero es que hay cosas que dan un poco de rabia y, adem\u00e1s, no se entienden. Parece que los detenidos por participar en el &#8216;asedio&#8217; al Congreso pueden [&hellip;]<\/p>\n","protected":false},"author":3,"featured_media":0,"comment_status":"open","ping_status":"open","sticky":false,"template":"","format":"standard","meta":{"jetpack_post_was_ever_published":false,"_jetpack_newsletter_access":"","_jetpack_dont_email_post_to_subs":false,"_jetpack_newsletter_tier_id":0,"_jetpack_memberships_contains_paywalled_content":false,"_jetpack_memberships_contains_paid_content":false,"footnotes":""},"categories":[1],"tags":[483],"class_list":["post-2023","post","type-post","status-publish","format-standard","hentry","category-blog","tag-alta-traicion"],"jetpack_featured_media_url":"","jetpack_shortlink":"https:\/\/wp.me\/p5fzW5-wD","jetpack-related-posts":[],"jetpack_sharing_enabled":true,"_links":{"self":[{"href":"https:\/\/www.granadablogs.com\/juezcalatayud\/wp-json\/wp\/v2\/posts\/2023","targetHints":{"allow":["GET"]}}],"collection":[{"href":"https:\/\/www.granadablogs.com\/juezcalatayud\/wp-json\/wp\/v2\/posts"}],"about":[{"href":"https:\/\/www.granadablogs.com\/juezcalatayud\/wp-json\/wp\/v2\/types\/post"}],"author":[{"embeddable":true,"href":"https:\/\/www.granadablogs.com\/juezcalatayud\/wp-json\/wp\/v2\/users\/3"}],"replies":[{"embeddable":true,"href":"https:\/\/www.granadablogs.com\/juezcalatayud\/wp-json\/wp\/v2\/comments?post=2023"}],"version-history":[{"count":2,"href":"https:\/\/www.granadablogs.com\/juezcalatayud\/wp-json\/wp\/v2\/posts\/2023\/revisions"}],"predecessor-version":[{"id":2025,"href":"https:\/\/www.granadablogs.com\/juezcalatayud\/wp-json\/wp\/v2\/posts\/2023\/revisions\/2025"}],"wp:attachment":[{"href":"https:\/\/www.granadablogs.com\/juezcalatayud\/wp-json\/wp\/v2\/media?parent=2023"}],"wp:term":[{"taxonomy":"category","embeddable":true,"href":"https:\/\/www.granadablogs.com\/juezcalatayud\/wp-json\/wp\/v2\/categories?post=2023"},{"taxonomy":"post_tag","embeddable":true,"href":"https:\/\/www.granadablogs.com\/juezcalatayud\/wp-json\/wp\/v2\/tags?post=2023"}],"curies":[{"name":"wp","href":"https:\/\/api.w.org\/{rel}","templated":true}]}}