{"id":20206,"date":"2024-09-19T19:54:54","date_gmt":"2024-09-19T17:54:54","guid":{"rendered":"https:\/\/www.granadablogs.com\/juezcalatayud\/?p=20206"},"modified":"2024-09-19T19:54:54","modified_gmt":"2024-09-19T17:54:54","slug":"pasamos-del-sindrome-del-nido-vacio-al-del-nido-lleno-con-lo-que-cuesta-alquilar-los-ninos-no-se-van-de-casa-ni-a-palos","status":"publish","type":"post","link":"https:\/\/www.granadablogs.com\/juezcalatayud\/2024\/09\/pasamos-del-sindrome-del-nido-vacio-al-del-nido-lleno-con-lo-que-cuesta-alquilar-los-ninos-no-se-van-de-casa-ni-a-palos\/","title":{"rendered":"Pasamos del s\u00edndrome del nido vac\u00edo al del nido lleno, con lo que cuesta alquilar, los ni\u00f1os no se van de casa ni a palos"},"content":{"rendered":"<p>Buenas, soy Emilio Calatayud. Lo primero es lo primero, muchas gracias a los vecinos de Gand\u00eda que tuvieron la gentileza de escucharme y verme v\u00eda internet y gracias a la Polic\u00eda Local por invitarme a hablar.<\/p>\n<p>Y ahora, al turr\u00f3n. El s\u00edndrome del nido vac\u00edo, en mi humilde opini\u00f3n, ya no existe. Ahora deber\u00edamos hablar del s\u00edndrome del nido lleno porque, con lo que cuestan los alquileres, los ni\u00f1os no se van de casa ni a palos. Y los sueldos tampoco son para tirar cohetes. La sensaci\u00f3n de vac\u00edo y tristeza que quedaba cuando los hijos se independizaban empieza a pasar a la historia.<\/p>\n","protected":false},"excerpt":{"rendered":"<p>Buenas, soy Emilio Calatayud. Lo primero es lo primero, muchas gracias a los vecinos de Gand\u00eda que tuvieron la gentileza de escucharme y verme v\u00eda internet y gracias a la Polic\u00eda Local por invitarme a hablar. Y ahora, al turr\u00f3n. El s\u00edndrome del nido vac\u00edo, en mi humilde opini\u00f3n, ya no existe. Ahora deber\u00edamos hablar [&hellip;]<\/p>\n","protected":false},"author":3,"featured_media":13230,"comment_status":"open","ping_status":"open","sticky":false,"template":"","format":"standard","meta":{"jetpack_post_was_ever_published":false,"_jetpack_newsletter_access":"","_jetpack_dont_email_post_to_subs":false,"_jetpack_newsletter_tier_id":0,"_jetpack_memberships_contains_paywalled_content":false,"_jetpack_memberships_contains_paid_content":false,"footnotes":""},"categories":[],"tags":[3848,3847,2187],"class_list":["post-20206","post","type-post","status-publish","format-standard","has-post-thumbnail","hentry","tag-nido-lleno","tag-nido-vacio","tag-sindrome"],"jetpack_featured_media_url":"https:\/\/www.granadablogs.com\/juezcalatayud\/wp-content\/uploads\/2020\/07\/Emil-nueva-dos.jpg","jetpack_shortlink":"https:\/\/wp.me\/p5fzW5-5fU","jetpack-related-posts":[],"jetpack_sharing_enabled":true,"_links":{"self":[{"href":"https:\/\/www.granadablogs.com\/juezcalatayud\/wp-json\/wp\/v2\/posts\/20206","targetHints":{"allow":["GET"]}}],"collection":[{"href":"https:\/\/www.granadablogs.com\/juezcalatayud\/wp-json\/wp\/v2\/posts"}],"about":[{"href":"https:\/\/www.granadablogs.com\/juezcalatayud\/wp-json\/wp\/v2\/types\/post"}],"author":[{"embeddable":true,"href":"https:\/\/www.granadablogs.com\/juezcalatayud\/wp-json\/wp\/v2\/users\/3"}],"replies":[{"embeddable":true,"href":"https:\/\/www.granadablogs.com\/juezcalatayud\/wp-json\/wp\/v2\/comments?post=20206"}],"version-history":[{"count":6,"href":"https:\/\/www.granadablogs.com\/juezcalatayud\/wp-json\/wp\/v2\/posts\/20206\/revisions"}],"predecessor-version":[{"id":20212,"href":"https:\/\/www.granadablogs.com\/juezcalatayud\/wp-json\/wp\/v2\/posts\/20206\/revisions\/20212"}],"wp:featuredmedia":[{"embeddable":true,"href":"https:\/\/www.granadablogs.com\/juezcalatayud\/wp-json\/wp\/v2\/media\/13230"}],"wp:attachment":[{"href":"https:\/\/www.granadablogs.com\/juezcalatayud\/wp-json\/wp\/v2\/media?parent=20206"}],"wp:term":[{"taxonomy":"category","embeddable":true,"href":"https:\/\/www.granadablogs.com\/juezcalatayud\/wp-json\/wp\/v2\/categories?post=20206"},{"taxonomy":"post_tag","embeddable":true,"href":"https:\/\/www.granadablogs.com\/juezcalatayud\/wp-json\/wp\/v2\/tags?post=20206"}],"curies":[{"name":"wp","href":"https:\/\/api.w.org\/{rel}","templated":true}]}}