{"id":20202,"date":"2024-09-18T20:03:57","date_gmt":"2024-09-18T18:03:57","guid":{"rendered":"https:\/\/www.granadablogs.com\/juezcalatayud\/?p=20202"},"modified":"2024-09-18T20:03:57","modified_gmt":"2024-09-18T18:03:57","slug":"los-ninos-de-doce-anos-son-demasiado-chicos-para-ir-al-instituto-no-hay-que-empujarles-a-ser-mayores","status":"publish","type":"post","link":"https:\/\/www.granadablogs.com\/juezcalatayud\/2024\/09\/los-ninos-de-doce-anos-son-demasiado-chicos-para-ir-al-instituto-no-hay-que-empujarles-a-ser-mayores\/","title":{"rendered":"Los ni\u00f1os de doce a\u00f1os son demasiado chicos para ir al instituto, no hay que empujarles a ser mayores"},"content":{"rendered":"<p>Buenas, soy Emilio Calatayud. Los ni\u00f1os de doce a\u00f1os son demasiado chicos para ir al instituto. Lo digo siempre. Y lo seguir\u00e9 diciendo. No hay que empujarles a ser mayores. Lo suyo ser\u00eda recuperar el modelo anterior y que fueran al instituto con catorce a\u00f1os.<\/p>\n<p>&nbsp;<\/p>\n<p>&nbsp;<\/p>\n<p>Si quer\u00e9is suscribiros al blog de don Emilio lo pod\u00e9is hacer en la direcci\u00f3n que va ah\u00ed abajo y sus comentarios os llegar\u00e1n directamente.<\/p>\n<p style=\"text-align: left;\"><a href=\"https:\/\/www.granadablogs.com\/juezcalatayud\/2024\/03\/hay-chavales-que-solo-se-quieren-a-si-mismos-y-otros-que-no-se-quieren-nada-y-buscan-el-carino-en-las-redes\/?fbclid=IwAR2wwxCEIsrYcv2cQs0G6B8JQUHbFsVNU97_BWfeQFQM2IK0O95XwCD6Ro8#suscribete\">Haz clic aqu\u00ed y rellena el campo con tu email<\/a><\/p>\n","protected":false},"excerpt":{"rendered":"<p>Buenas, soy Emilio Calatayud. Los ni\u00f1os de doce a\u00f1os son demasiado chicos para ir al instituto. Lo digo siempre. Y lo seguir\u00e9 diciendo. No hay que empujarles a ser mayores. Lo suyo ser\u00eda recuperar el modelo anterior y que fueran al instituto con catorce a\u00f1os. &nbsp; &nbsp; Si quer\u00e9is suscribiros al blog de don Emilio [&hellip;]<\/p>\n","protected":false},"author":3,"featured_media":11842,"comment_status":"open","ping_status":"open","sticky":false,"template":"","format":"standard","meta":{"jetpack_post_was_ever_published":false,"_jetpack_newsletter_access":"","_jetpack_dont_email_post_to_subs":false,"_jetpack_newsletter_tier_id":0,"_jetpack_memberships_contains_paywalled_content":false,"_jetpack_memberships_contains_paid_content":false,"footnotes":""},"categories":[],"tags":[74,1940],"class_list":["post-20202","post","type-post","status-publish","format-standard","has-post-thumbnail","hentry","tag-doce-anos","tag-instituto"],"jetpack_featured_media_url":"https:\/\/www.granadablogs.com\/juezcalatayud\/wp-content\/uploads\/2019\/12\/Neu-jue.jpg","jetpack_shortlink":"https:\/\/wp.me\/p5fzW5-5fQ","jetpack-related-posts":[],"jetpack_sharing_enabled":true,"_links":{"self":[{"href":"https:\/\/www.granadablogs.com\/juezcalatayud\/wp-json\/wp\/v2\/posts\/20202","targetHints":{"allow":["GET"]}}],"collection":[{"href":"https:\/\/www.granadablogs.com\/juezcalatayud\/wp-json\/wp\/v2\/posts"}],"about":[{"href":"https:\/\/www.granadablogs.com\/juezcalatayud\/wp-json\/wp\/v2\/types\/post"}],"author":[{"embeddable":true,"href":"https:\/\/www.granadablogs.com\/juezcalatayud\/wp-json\/wp\/v2\/users\/3"}],"replies":[{"embeddable":true,"href":"https:\/\/www.granadablogs.com\/juezcalatayud\/wp-json\/wp\/v2\/comments?post=20202"}],"version-history":[{"count":3,"href":"https:\/\/www.granadablogs.com\/juezcalatayud\/wp-json\/wp\/v2\/posts\/20202\/revisions"}],"predecessor-version":[{"id":20205,"href":"https:\/\/www.granadablogs.com\/juezcalatayud\/wp-json\/wp\/v2\/posts\/20202\/revisions\/20205"}],"wp:featuredmedia":[{"embeddable":true,"href":"https:\/\/www.granadablogs.com\/juezcalatayud\/wp-json\/wp\/v2\/media\/11842"}],"wp:attachment":[{"href":"https:\/\/www.granadablogs.com\/juezcalatayud\/wp-json\/wp\/v2\/media?parent=20202"}],"wp:term":[{"taxonomy":"category","embeddable":true,"href":"https:\/\/www.granadablogs.com\/juezcalatayud\/wp-json\/wp\/v2\/categories?post=20202"},{"taxonomy":"post_tag","embeddable":true,"href":"https:\/\/www.granadablogs.com\/juezcalatayud\/wp-json\/wp\/v2\/tags?post=20202"}],"curies":[{"name":"wp","href":"https:\/\/api.w.org\/{rel}","templated":true}]}}