{"id":20198,"date":"2024-09-17T19:01:50","date_gmt":"2024-09-17T17:01:50","guid":{"rendered":"https:\/\/www.granadablogs.com\/juezcalatayud\/?p=20198"},"modified":"2024-09-17T19:01:50","modified_gmt":"2024-09-17T17:01:50","slug":"don-emilio-llena-el-teatro-de-gandia-para-dar-una-conferencia-por-internet-esta-hecho-un-tuyuber-o-como-se-diga","status":"publish","type":"post","link":"https:\/\/www.granadablogs.com\/juezcalatayud\/2024\/09\/don-emilio-llena-el-teatro-de-gandia-para-dar-una-conferencia-por-internet-esta-hecho-un-tuyuber-o-como-se-diga\/","title":{"rendered":"Don Emilio llena el teatro de Gand\u00eda para dar una conferencia por internet, est\u00e1 hecho un &#8216;tuyuber&#8217; o como se diga"},"content":{"rendered":"<p>Hola, soy Carlos Mor\u00e1n. Don Emilio ha logrado llenar el Teatro Serrano de la localidad valenciana de Gand\u00eda para dar una conferencia a trav\u00e9s de internet, es decir &#8216;online&#8217;. El local tiene 600 plazas, pero el aforo est\u00e1 completo. El juez est\u00e1 hecho un &#8216;tuyuber&#8217; o como se diga, ja, ja, ja.<\/p>\n<p>Aqu\u00ed va la noticia sobre el llenazo que ha publicado el diario Las Provincias en su web <a href=\"http:\/\/www.lasprovincias.es\/safor\/policia-local-gandia-juez-menores-20240917135110-nt.html\">www.lasprovincias.es\/safor\/policia-local-gandia-juez-menores-20240917135110-nt.html<\/a><\/p>\n<p>\u00abPara conmemorar el 150\u00ba aniversario de la creaci\u00f3n de la Polic\u00eda Local de Gand\u00eda, este mi\u00e9rcoles 18 de septiembre se ha organizado una conferencia en l\u00ednea a cargo de Emilio Calatayud, Magistrado de Menores de Granada. El evento se celebra en el Teatro Serrano de la capital de La Safor y el medi\u00e1tico magistrado realizar\u00e1 la conferencia online a partir de las 18 horas, aunque la apertura de puertas se producir\u00e1 una hora antes. Y pese a que la Polic\u00eda ha ampliado el aforo, el \u00e9xito ha sido tan grande que se ha quedado sin plazas disponibles\u00bb.<\/p>\n<p>Si quer\u00e9is suscribiros al blog de don Emilio lo pod\u00e9is hacer en la direcci\u00f3n que va ah\u00ed abajo y sus comentarios os llegar\u00e1n directamente.<\/p>\n<p style=\"text-align: left;\"><a href=\"https:\/\/www.granadablogs.com\/juezcalatayud\/2024\/03\/hay-chavales-que-solo-se-quieren-a-si-mismos-y-otros-que-no-se-quieren-nada-y-buscan-el-carino-en-las-redes\/?fbclid=IwAR2wwxCEIsrYcv2cQs0G6B8JQUHbFsVNU97_BWfeQFQM2IK0O95XwCD6Ro8#suscribete\">Haz clic aqu\u00ed y rellena el campo con tu email<\/a><\/p>\n","protected":false},"excerpt":{"rendered":"<p>Hola, soy Carlos Mor\u00e1n. Don Emilio ha logrado llenar el Teatro Serrano de la localidad valenciana de Gand\u00eda para dar una conferencia a trav\u00e9s de internet, es decir &#8216;online&#8217;. El local tiene 600 plazas, pero el aforo est\u00e1 completo. El juez est\u00e1 hecho un &#8216;tuyuber&#8217; o como se diga, ja, ja, ja. Aqu\u00ed va la [&hellip;]<\/p>\n","protected":false},"author":3,"featured_media":9067,"comment_status":"open","ping_status":"open","sticky":false,"template":"","format":"standard","meta":{"jetpack_post_was_ever_published":false,"_jetpack_newsletter_access":"","_jetpack_dont_email_post_to_subs":false,"_jetpack_newsletter_tier_id":0,"_jetpack_memberships_contains_paywalled_content":false,"_jetpack_memberships_contains_paid_content":false,"footnotes":""},"categories":[],"tags":[511,3845,522,3846,3844],"class_list":["post-20198","post","type-post","status-publish","format-standard","has-post-thumbnail","hentry","tag-conferencia","tag-gandia","tag-juez","tag-llenazo","tag-teatro"],"jetpack_featured_media_url":"https:\/\/www.granadablogs.com\/juezcalatayud\/wp-content\/uploads\/2018\/08\/emilio-calatayud.jpg","jetpack_shortlink":"https:\/\/wp.me\/p5fzW5-5fM","jetpack-related-posts":[],"jetpack_sharing_enabled":true,"_links":{"self":[{"href":"https:\/\/www.granadablogs.com\/juezcalatayud\/wp-json\/wp\/v2\/posts\/20198","targetHints":{"allow":["GET"]}}],"collection":[{"href":"https:\/\/www.granadablogs.com\/juezcalatayud\/wp-json\/wp\/v2\/posts"}],"about":[{"href":"https:\/\/www.granadablogs.com\/juezcalatayud\/wp-json\/wp\/v2\/types\/post"}],"author":[{"embeddable":true,"href":"https:\/\/www.granadablogs.com\/juezcalatayud\/wp-json\/wp\/v2\/users\/3"}],"replies":[{"embeddable":true,"href":"https:\/\/www.granadablogs.com\/juezcalatayud\/wp-json\/wp\/v2\/comments?post=20198"}],"version-history":[{"count":3,"href":"https:\/\/www.granadablogs.com\/juezcalatayud\/wp-json\/wp\/v2\/posts\/20198\/revisions"}],"predecessor-version":[{"id":20201,"href":"https:\/\/www.granadablogs.com\/juezcalatayud\/wp-json\/wp\/v2\/posts\/20198\/revisions\/20201"}],"wp:featuredmedia":[{"embeddable":true,"href":"https:\/\/www.granadablogs.com\/juezcalatayud\/wp-json\/wp\/v2\/media\/9067"}],"wp:attachment":[{"href":"https:\/\/www.granadablogs.com\/juezcalatayud\/wp-json\/wp\/v2\/media?parent=20198"}],"wp:term":[{"taxonomy":"category","embeddable":true,"href":"https:\/\/www.granadablogs.com\/juezcalatayud\/wp-json\/wp\/v2\/categories?post=20198"},{"taxonomy":"post_tag","embeddable":true,"href":"https:\/\/www.granadablogs.com\/juezcalatayud\/wp-json\/wp\/v2\/tags?post=20198"}],"curies":[{"name":"wp","href":"https:\/\/api.w.org\/{rel}","templated":true}]}}