{"id":2019,"date":"2012-09-29T19:40:50","date_gmt":"2012-09-29T18:40:50","guid":{"rendered":"http:\/\/www.granadablogs.com\/juezcalatayud\/?p=2019"},"modified":"2012-09-29T19:43:33","modified_gmt":"2012-09-29T18:43:33","slug":"la-alegria-de-ver-a-un-amigo-curado","status":"publish","type":"post","link":"https:\/\/www.granadablogs.com\/juezcalatayud\/2012\/09\/la-alegria-de-ver-a-un-amigo-curado\/","title":{"rendered":"La alegr\u00eda de ver a un amigo curado"},"content":{"rendered":"<p>En mayo os habl\u00e9 de un amigo, Juan P\u00e9rez se llama, que estaba enfermo de c\u00e1ncer y hab\u00eda decidido contar su lucha contra el tumor en un blog. El tratamiento ha sido muy duro, pero ha salido adelante. El jueves por la noche nos reencontramos en la inauguraci\u00f3n de un club de jazz en Granada. El t\u00edo estaba fenomenal. Nos bebimos un par de cervezas y le dije: &#8216;Me alegro mucho de verte, primero por ti y despu\u00e9s por mi: cada curaci\u00f3n de un c\u00e1ncer es siempre un  soplo de esperanza y de \u00e1nimo para todos&#8217;. \u00bfVerdad?<br \/>\nM\u00e1s informaci\u00f3n en <\/p>\n<blockquote class=\"wp-embedded-content\" data-secret=\"iZMdfo8yGF\"><p><a href=\"https:\/\/www.granadablogs.com\/juezcalatayud\/2012\/05\/juan-perez\/\">Juan P\u00e9rez<\/a><\/p><\/blockquote>\n<p><iframe loading=\"lazy\" class=\"wp-embedded-content\" sandbox=\"allow-scripts\" security=\"restricted\" style=\"position: absolute; visibility: hidden;\" title=\"\u00abJuan P\u00e9rez\u00bb \u2014 Emilio Calatayud\" src=\"https:\/\/www.granadablogs.com\/juezcalatayud\/2012\/05\/juan-perez\/embed\/#?secret=WP5aMr1zYT#?secret=iZMdfo8yGF\" data-secret=\"iZMdfo8yGF\" width=\"500\" height=\"282\" frameborder=\"0\" marginwidth=\"0\" marginheight=\"0\" scrolling=\"no\"><\/iframe><\/p>\n","protected":false},"excerpt":{"rendered":"<p>En mayo os habl\u00e9 de un amigo, Juan P\u00e9rez se llama, que estaba enfermo de c\u00e1ncer y hab\u00eda decidido contar su lucha contra el tumor en un blog. El tratamiento ha sido muy duro, pero ha salido adelante. El jueves por la noche nos reencontramos en la inauguraci\u00f3n de un club de jazz en Granada. [&hellip;]<\/p>\n","protected":false},"author":3,"featured_media":0,"comment_status":"open","ping_status":"open","sticky":false,"template":"","format":"standard","meta":{"jetpack_post_was_ever_published":false,"_jetpack_newsletter_access":"","_jetpack_dont_email_post_to_subs":false,"_jetpack_newsletter_tier_id":0,"_jetpack_memberships_contains_paywalled_content":false,"_jetpack_memberships_contains_paid_content":false,"footnotes":""},"categories":[1],"tags":[75,424],"class_list":["post-2019","post","type-post","status-publish","format-standard","hentry","category-blog","tag-cancer","tag-curacion"],"jetpack_featured_media_url":"","jetpack_shortlink":"https:\/\/wp.me\/p5fzW5-wz","jetpack-related-posts":[],"jetpack_sharing_enabled":true,"_links":{"self":[{"href":"https:\/\/www.granadablogs.com\/juezcalatayud\/wp-json\/wp\/v2\/posts\/2019","targetHints":{"allow":["GET"]}}],"collection":[{"href":"https:\/\/www.granadablogs.com\/juezcalatayud\/wp-json\/wp\/v2\/posts"}],"about":[{"href":"https:\/\/www.granadablogs.com\/juezcalatayud\/wp-json\/wp\/v2\/types\/post"}],"author":[{"embeddable":true,"href":"https:\/\/www.granadablogs.com\/juezcalatayud\/wp-json\/wp\/v2\/users\/3"}],"replies":[{"embeddable":true,"href":"https:\/\/www.granadablogs.com\/juezcalatayud\/wp-json\/wp\/v2\/comments?post=2019"}],"version-history":[{"count":3,"href":"https:\/\/www.granadablogs.com\/juezcalatayud\/wp-json\/wp\/v2\/posts\/2019\/revisions"}],"predecessor-version":[{"id":2022,"href":"https:\/\/www.granadablogs.com\/juezcalatayud\/wp-json\/wp\/v2\/posts\/2019\/revisions\/2022"}],"wp:attachment":[{"href":"https:\/\/www.granadablogs.com\/juezcalatayud\/wp-json\/wp\/v2\/media?parent=2019"}],"wp:term":[{"taxonomy":"category","embeddable":true,"href":"https:\/\/www.granadablogs.com\/juezcalatayud\/wp-json\/wp\/v2\/categories?post=2019"},{"taxonomy":"post_tag","embeddable":true,"href":"https:\/\/www.granadablogs.com\/juezcalatayud\/wp-json\/wp\/v2\/tags?post=2019"}],"curies":[{"name":"wp","href":"https:\/\/api.w.org\/{rel}","templated":true}]}}