{"id":20182,"date":"2024-09-12T20:11:08","date_gmt":"2024-09-12T18:11:08","guid":{"rendered":"https:\/\/www.granadablogs.com\/juezcalatayud\/?p=20182"},"modified":"2024-09-12T20:11:08","modified_gmt":"2024-09-12T18:11:08","slug":"sed-sinceros-papis-y-mamis-que-bien-se-esta-ahora-que-los-ninos-han-vuelto-al-cole","status":"publish","type":"post","link":"https:\/\/www.granadablogs.com\/juezcalatayud\/2024\/09\/sed-sinceros-papis-y-mamis-que-bien-se-esta-ahora-que-los-ninos-han-vuelto-al-cole\/","title":{"rendered":"Sed sinceros, papis y mamis, \u00a1qu\u00e9 bien se est\u00e1 ahora que los ni\u00f1os han vuelto al cole!"},"content":{"rendered":"<p>Buenas, soy Emilio Calatayud. Sed sinceros, papis y mamis, \u00a1qu\u00e9 bien se est\u00e1 ahora que los ni\u00f1os han vuelto al cole! Es un ratico, lo s\u00e9, pero os devuelve la tranquilidad que os falt\u00f3 durante las vacaciones porque hab\u00eda que estar siempre a sus &#8216;ordenes&#8217;, ja, ja, ja, ja. No os sint\u00e1is mal por alegraros de perder de vista durante unas horas a los hijos. No sois malos padres por ello, sois personas normales, ja, ja, ja.<\/p>\n<p>&nbsp;<\/p>\n<p>Si quer\u00e9is suscribiros al blog de don Emilio lo pod\u00e9is hacer en la direcci\u00f3n que va ah\u00ed abajo y sus comentarios os llegar\u00e1n directamente.<\/p>\n<p style=\"text-align: left;\"><a href=\"https:\/\/www.granadablogs.com\/juezcalatayud\/2024\/03\/hay-chavales-que-solo-se-quieren-a-si-mismos-y-otros-que-no-se-quieren-nada-y-buscan-el-carino-en-las-redes\/?fbclid=IwAR2wwxCEIsrYcv2cQs0G6B8JQUHbFsVNU97_BWfeQFQM2IK0O95XwCD6Ro8#suscribete\">Haz clic aqu\u00ed y rellena el campo con tu email<\/a><\/p>\n","protected":false},"excerpt":{"rendered":"<p>Buenas, soy Emilio Calatayud. Sed sinceros, papis y mamis, \u00a1qu\u00e9 bien se est\u00e1 ahora que los ni\u00f1os han vuelto al cole! Es un ratico, lo s\u00e9, pero os devuelve la tranquilidad que os falt\u00f3 durante las vacaciones porque hab\u00eda que estar siempre a sus &#8216;ordenes&#8217;, ja, ja, ja, ja. No os sint\u00e1is mal por alegraros [&hellip;]<\/p>\n","protected":false},"author":1,"featured_media":11890,"comment_status":"open","ping_status":"open","sticky":false,"template":"","format":"standard","meta":{"jetpack_post_was_ever_published":false,"_jetpack_newsletter_access":"","_jetpack_dont_email_post_to_subs":false,"_jetpack_newsletter_tier_id":0,"_jetpack_memberships_contains_paywalled_content":false,"_jetpack_memberships_contains_paid_content":false,"footnotes":""},"categories":[],"tags":[2608,869,934],"class_list":["post-20182","post","type-post","status-publish","format-standard","has-post-thumbnail","hentry","tag-al","tag-cole","tag-vuelta"],"jetpack_featured_media_url":"https:\/\/www.granadablogs.com\/juezcalatayud\/wp-content\/uploads\/2019\/12\/Risa.jpg","jetpack_shortlink":"https:\/\/wp.me\/p5fzW5-5fw","jetpack-related-posts":[],"jetpack_sharing_enabled":true,"_links":{"self":[{"href":"https:\/\/www.granadablogs.com\/juezcalatayud\/wp-json\/wp\/v2\/posts\/20182","targetHints":{"allow":["GET"]}}],"collection":[{"href":"https:\/\/www.granadablogs.com\/juezcalatayud\/wp-json\/wp\/v2\/posts"}],"about":[{"href":"https:\/\/www.granadablogs.com\/juezcalatayud\/wp-json\/wp\/v2\/types\/post"}],"author":[{"embeddable":true,"href":"https:\/\/www.granadablogs.com\/juezcalatayud\/wp-json\/wp\/v2\/users\/1"}],"replies":[{"embeddable":true,"href":"https:\/\/www.granadablogs.com\/juezcalatayud\/wp-json\/wp\/v2\/comments?post=20182"}],"version-history":[{"count":2,"href":"https:\/\/www.granadablogs.com\/juezcalatayud\/wp-json\/wp\/v2\/posts\/20182\/revisions"}],"predecessor-version":[{"id":20184,"href":"https:\/\/www.granadablogs.com\/juezcalatayud\/wp-json\/wp\/v2\/posts\/20182\/revisions\/20184"}],"wp:featuredmedia":[{"embeddable":true,"href":"https:\/\/www.granadablogs.com\/juezcalatayud\/wp-json\/wp\/v2\/media\/11890"}],"wp:attachment":[{"href":"https:\/\/www.granadablogs.com\/juezcalatayud\/wp-json\/wp\/v2\/media?parent=20182"}],"wp:term":[{"taxonomy":"category","embeddable":true,"href":"https:\/\/www.granadablogs.com\/juezcalatayud\/wp-json\/wp\/v2\/categories?post=20182"},{"taxonomy":"post_tag","embeddable":true,"href":"https:\/\/www.granadablogs.com\/juezcalatayud\/wp-json\/wp\/v2\/tags?post=20182"}],"curies":[{"name":"wp","href":"https:\/\/api.w.org\/{rel}","templated":true}]}}