{"id":20070,"date":"2024-08-18T20:00:45","date_gmt":"2024-08-18T18:00:45","guid":{"rendered":"https:\/\/www.granadablogs.com\/juezcalatayud\/?p=20070"},"modified":"2024-08-24T19:44:58","modified_gmt":"2024-08-24T17:44:58","slug":"dice-una-madre-los-hijos-te-valoran-mas-cuando-pasan-unos-dias-fuera-de-casa-anda-que-no","status":"publish","type":"post","link":"https:\/\/www.granadablogs.com\/juezcalatayud\/2024\/08\/dice-una-madre-los-hijos-te-valoran-mas-cuando-pasan-unos-dias-fuera-de-casa-anda-que-no\/","title":{"rendered":"Dice una madre: \u00abLos hijos te valoran m\u00e1s cuando pasan unos d\u00edas fuera de casa\u00bb; anda que no"},"content":{"rendered":"<p>Buenas, soy Emilio Calatayud. Vuelve la &#8216;cal\u00f3&#8217; y me paso la mayor parte del d\u00eda refugiado en el Albaic\u00edn, en la &#8216;Gomera&#8217;, m\u00e1s concretamente, goma va y goma viene en el jard\u00edn. \u00a1Qu\u00e9 gran invento la manguera de riego! Luego, cuando cae el sol, me doy una vuelta por el barrio. En ello estaba, cuando escuch\u00e9 a una madre decir lo siguiente:\u00a0 \u00abLos hijos te valoran m\u00e1s cuando pasan unos d\u00edas fuera de casa\u00bb.\u00a0 Anda que no.<\/p>\n<p>Si quer\u00e9is suscribiros al blog de don Emilio lo pod\u00e9is hacer en la direcci\u00f3n que va ah\u00ed abajo y sus comentarios os llegar\u00e1n directamente.<\/p>\n<p><a href=\"https:\/\/www.granadablogs.com\/juezcalatayud\/2024\/03\/hay-chavales-que-solo-se-quieren-a-si-mismos-y-otros-que-no-se-quieren-nada-y-buscan-el-carino-en-las-redes\/?fbclid=IwAR2wwxCEIsrYcv2cQs0G6B8JQUHbFsVNU97_BWfeQFQM2IK0O95XwCD6Ro8#suscribete\">Haz clic aqu\u00ed y rellena el campo con tu email<\/a><\/p>\n","protected":false},"excerpt":{"rendered":"<p>Buenas, soy Emilio Calatayud. Vuelve la &#8216;cal\u00f3&#8217; y me paso la mayor parte del d\u00eda refugiado en el Albaic\u00edn, en la &#8216;Gomera&#8217;, m\u00e1s concretamente, goma va y goma viene en el jard\u00edn. \u00a1Qu\u00e9 gran invento la manguera de riego! Luego, cuando cae el sol, me doy una vuelta por el barrio. En ello estaba, cuando [&hellip;]<\/p>\n","protected":false},"author":1,"featured_media":13234,"comment_status":"open","ping_status":"open","sticky":false,"template":"","format":"standard","meta":{"jetpack_post_was_ever_published":false,"_jetpack_newsletter_access":"","_jetpack_dont_email_post_to_subs":false,"_jetpack_newsletter_tier_id":0,"_jetpack_memberships_contains_paywalled_content":false,"_jetpack_memberships_contains_paid_content":false,"footnotes":""},"categories":[],"tags":[3020,189,369,3819],"class_list":["post-20070","post","type-post","status-publish","format-standard","has-post-thumbnail","hentry","tag-fuera","tag-hijos","tag-madre","tag-valoran"],"jetpack_featured_media_url":"https:\/\/www.granadablogs.com\/juezcalatayud\/wp-content\/uploads\/2020\/07\/Emil-nueva-tres-1.jpg","jetpack_shortlink":"https:\/\/wp.me\/p5fzW5-5dI","jetpack-related-posts":[],"jetpack_sharing_enabled":true,"_links":{"self":[{"href":"https:\/\/www.granadablogs.com\/juezcalatayud\/wp-json\/wp\/v2\/posts\/20070","targetHints":{"allow":["GET"]}}],"collection":[{"href":"https:\/\/www.granadablogs.com\/juezcalatayud\/wp-json\/wp\/v2\/posts"}],"about":[{"href":"https:\/\/www.granadablogs.com\/juezcalatayud\/wp-json\/wp\/v2\/types\/post"}],"author":[{"embeddable":true,"href":"https:\/\/www.granadablogs.com\/juezcalatayud\/wp-json\/wp\/v2\/users\/1"}],"replies":[{"embeddable":true,"href":"https:\/\/www.granadablogs.com\/juezcalatayud\/wp-json\/wp\/v2\/comments?post=20070"}],"version-history":[{"count":4,"href":"https:\/\/www.granadablogs.com\/juezcalatayud\/wp-json\/wp\/v2\/posts\/20070\/revisions"}],"predecessor-version":[{"id":20100,"href":"https:\/\/www.granadablogs.com\/juezcalatayud\/wp-json\/wp\/v2\/posts\/20070\/revisions\/20100"}],"wp:featuredmedia":[{"embeddable":true,"href":"https:\/\/www.granadablogs.com\/juezcalatayud\/wp-json\/wp\/v2\/media\/13234"}],"wp:attachment":[{"href":"https:\/\/www.granadablogs.com\/juezcalatayud\/wp-json\/wp\/v2\/media?parent=20070"}],"wp:term":[{"taxonomy":"category","embeddable":true,"href":"https:\/\/www.granadablogs.com\/juezcalatayud\/wp-json\/wp\/v2\/categories?post=20070"},{"taxonomy":"post_tag","embeddable":true,"href":"https:\/\/www.granadablogs.com\/juezcalatayud\/wp-json\/wp\/v2\/tags?post=20070"}],"curies":[{"name":"wp","href":"https:\/\/api.w.org\/{rel}","templated":true}]}}