{"id":19792,"date":"2024-06-26T17:20:55","date_gmt":"2024-06-26T15:20:55","guid":{"rendered":"https:\/\/www.granadablogs.com\/juezcalatayud\/?p=19792"},"modified":"2024-06-27T17:38:23","modified_gmt":"2024-06-27T15:38:23","slug":"como-enfermo-de-cancer-me-indignan-los-gurus-que-dicen-que-tomar-el-sol-sin-precauciones-no-da-cancer","status":"publish","type":"post","link":"https:\/\/www.granadablogs.com\/juezcalatayud\/2024\/06\/como-enfermo-de-cancer-me-indignan-los-gurus-que-dicen-que-tomar-el-sol-sin-precauciones-no-da-cancer\/","title":{"rendered":"Como enfermo de c\u00e1ncer, me indignan los gur\u00fas que dicen que tomar el sol sin precauciones no da c\u00e1ncer"},"content":{"rendered":"<p>Buenas, soy Emilio Calatayud. Como enfermo de c\u00e1ncer, me indignan los gur\u00fas y los famosos que dicen que tomar el sol sin precauciones no da c\u00e1ncer (hay personas que no pueden exponerse al sol ni con precauciones). No es verdad. Lo que es verdad es que el sol y el tabaco pueden causar c\u00e1ncer. Y que los ni\u00f1os no deben tomar alcohol. Tampoco debemos regalarles cachimbas o vapeadores. No son buenos para su salud. Las drogas tampoco son saludables. Ni la anorexia. Es incre\u00edble que todos los d\u00edas haya que recordar verdades que ya estaban asentadas porque sale alg\u00fan tonto que las cuestiona.<\/p>\n<p>&nbsp;<\/p>\n<p>Si quer\u00e9is suscribiros al blog de don Emilio lo pod\u00e9is hacer en la direcci\u00f3n que va ah\u00ed abajo y sus comentarios os llegar\u00e1n directamente.<\/p>\n<p><a href=\"https:\/\/www.granadablogs.com\/juezcalatayud\/2024\/03\/hay-chavales-que-solo-se-quieren-a-si-mismos-y-otros-que-no-se-quieren-nada-y-buscan-el-carino-en-las-redes\/?fbclid=IwAR2wwxCEIsrYcv2cQs0G6B8JQUHbFsVNU97_BWfeQFQM2IK0O95XwCD6Ro8#suscribete\">Haz clic aqu\u00ed y rellena el campo con tu email<\/a><\/p>\n<p>&nbsp;<\/p>\n","protected":false},"excerpt":{"rendered":"<p>Buenas, soy Emilio Calatayud. Como enfermo de c\u00e1ncer, me indignan los gur\u00fas y los famosos que dicen que tomar el sol sin precauciones no da c\u00e1ncer (hay personas que no pueden exponerse al sol ni con precauciones). No es verdad. Lo que es verdad es que el sol y el tabaco pueden causar c\u00e1ncer. Y [&hellip;]<\/p>\n","protected":false},"author":1,"featured_media":19569,"comment_status":"open","ping_status":"open","sticky":false,"template":"","format":"standard","meta":{"jetpack_post_was_ever_published":false,"_jetpack_newsletter_access":"","_jetpack_dont_email_post_to_subs":false,"_jetpack_newsletter_tier_id":0,"_jetpack_memberships_contains_paywalled_content":false,"_jetpack_memberships_contains_paid_content":false,"footnotes":""},"categories":[],"tags":[75,3763,1311],"class_list":["post-19792","post","type-post","status-publish","format-standard","has-post-thumbnail","hentry","tag-cancer","tag-sol","tag-tontos"],"jetpack_featured_media_url":"https:\/\/www.granadablogs.com\/juezcalatayud\/wp-content\/uploads\/2024\/05\/Emil-v.jpg","jetpack_shortlink":"https:\/\/wp.me\/p5fzW5-59e","jetpack-related-posts":[],"jetpack_sharing_enabled":true,"_links":{"self":[{"href":"https:\/\/www.granadablogs.com\/juezcalatayud\/wp-json\/wp\/v2\/posts\/19792","targetHints":{"allow":["GET"]}}],"collection":[{"href":"https:\/\/www.granadablogs.com\/juezcalatayud\/wp-json\/wp\/v2\/posts"}],"about":[{"href":"https:\/\/www.granadablogs.com\/juezcalatayud\/wp-json\/wp\/v2\/types\/post"}],"author":[{"embeddable":true,"href":"https:\/\/www.granadablogs.com\/juezcalatayud\/wp-json\/wp\/v2\/users\/1"}],"replies":[{"embeddable":true,"href":"https:\/\/www.granadablogs.com\/juezcalatayud\/wp-json\/wp\/v2\/comments?post=19792"}],"version-history":[{"count":8,"href":"https:\/\/www.granadablogs.com\/juezcalatayud\/wp-json\/wp\/v2\/posts\/19792\/revisions"}],"predecessor-version":[{"id":19802,"href":"https:\/\/www.granadablogs.com\/juezcalatayud\/wp-json\/wp\/v2\/posts\/19792\/revisions\/19802"}],"wp:featuredmedia":[{"embeddable":true,"href":"https:\/\/www.granadablogs.com\/juezcalatayud\/wp-json\/wp\/v2\/media\/19569"}],"wp:attachment":[{"href":"https:\/\/www.granadablogs.com\/juezcalatayud\/wp-json\/wp\/v2\/media?parent=19792"}],"wp:term":[{"taxonomy":"category","embeddable":true,"href":"https:\/\/www.granadablogs.com\/juezcalatayud\/wp-json\/wp\/v2\/categories?post=19792"},{"taxonomy":"post_tag","embeddable":true,"href":"https:\/\/www.granadablogs.com\/juezcalatayud\/wp-json\/wp\/v2\/tags?post=19792"}],"curies":[{"name":"wp","href":"https:\/\/api.w.org\/{rel}","templated":true}]}}