{"id":1976,"date":"2012-08-29T15:57:17","date_gmt":"2012-08-29T14:57:17","guid":{"rendered":"http:\/\/www.granadablogs.com\/juezcalatayud\/?p=1976"},"modified":"2012-08-29T15:57:17","modified_gmt":"2012-08-29T14:57:17","slug":"la-pena-de-muerte-un-paso-atras","status":"publish","type":"post","link":"https:\/\/www.granadablogs.com\/juezcalatayud\/2012\/08\/la-pena-de-muerte-un-paso-atras\/","title":{"rendered":"La pena de muerte, un paso atr\u00e1s"},"content":{"rendered":"<p>Buenas, soy Emilio Calatayud. Las nuevas y terribles noticias sobre el caso de los ni\u00f1os desaparecidos en C\u00f3rdoba han causado un debate muy fuerte. Hay gente incluso que reclama la pena de muerte para el padre de los peque\u00f1os. Yo creo que pedir la pena de muerte es un error. Recuperar la pena capital ser\u00eda un paso atr\u00e1s. Hace ya un tiempo, las Cortes aprobaron eliminar la pena de muerte tambi\u00e9n en tiempos de guerra y fue un acierto. Era la \u00faltima excepci\u00f3n que permanec\u00eda. El hecho de que Espa\u00f1a no exista la pena de muerte nos convierte en una naci\u00f3n m\u00e1s civilizada que, por ejemplo, Estados Unidos.<\/p>\n<p>Recientemente, la justicia noruega ha condenado a 21 a\u00f1os de prisi\u00f3n -es verdad que prorrogables- al homicida de 77 personas. El acusado la recibi\u00f3 con una sonrisa. Adem\u00e1s, dijo que sent\u00eda no haber matado m\u00e1s. A pesar de ello, las familias de las v\u00edctimas aplaudieron la condena. Se conformaron con el castigo.<\/p>\n<p>En Espa\u00f1a, alguien sospechoso de asesinar a dos personas -y m\u00e1s si son sus dos hijos peque\u00f1os- se arriesga a una condena que le supondr\u00eda estar encerrado pr\u00e1cticamente de por vida.<\/p>\n","protected":false},"excerpt":{"rendered":"<p>Buenas, soy Emilio Calatayud. Las nuevas y terribles noticias sobre el caso de los ni\u00f1os desaparecidos en C\u00f3rdoba han causado un debate muy fuerte. Hay gente incluso que reclama la pena de muerte para el padre de los peque\u00f1os. Yo creo que pedir la pena de muerte es un error. Recuperar la pena capital ser\u00eda [&hellip;]<\/p>\n","protected":false},"author":2,"featured_media":0,"comment_status":"open","ping_status":"open","sticky":false,"template":"","format":"standard","meta":{"jetpack_post_was_ever_published":false,"_jetpack_newsletter_access":"","_jetpack_dont_email_post_to_subs":false,"_jetpack_newsletter_tier_id":0,"_jetpack_memberships_contains_paywalled_content":false,"_jetpack_memberships_contains_paid_content":false,"footnotes":""},"categories":[1],"tags":[464],"class_list":["post-1976","post","type-post","status-publish","format-standard","hentry","category-blog","tag-pena-capital"],"jetpack_featured_media_url":"","jetpack_shortlink":"https:\/\/wp.me\/p5fzW5-vS","jetpack-related-posts":[],"jetpack_sharing_enabled":true,"_links":{"self":[{"href":"https:\/\/www.granadablogs.com\/juezcalatayud\/wp-json\/wp\/v2\/posts\/1976","targetHints":{"allow":["GET"]}}],"collection":[{"href":"https:\/\/www.granadablogs.com\/juezcalatayud\/wp-json\/wp\/v2\/posts"}],"about":[{"href":"https:\/\/www.granadablogs.com\/juezcalatayud\/wp-json\/wp\/v2\/types\/post"}],"author":[{"embeddable":true,"href":"https:\/\/www.granadablogs.com\/juezcalatayud\/wp-json\/wp\/v2\/users\/2"}],"replies":[{"embeddable":true,"href":"https:\/\/www.granadablogs.com\/juezcalatayud\/wp-json\/wp\/v2\/comments?post=1976"}],"version-history":[{"count":1,"href":"https:\/\/www.granadablogs.com\/juezcalatayud\/wp-json\/wp\/v2\/posts\/1976\/revisions"}],"predecessor-version":[{"id":1977,"href":"https:\/\/www.granadablogs.com\/juezcalatayud\/wp-json\/wp\/v2\/posts\/1976\/revisions\/1977"}],"wp:attachment":[{"href":"https:\/\/www.granadablogs.com\/juezcalatayud\/wp-json\/wp\/v2\/media?parent=1976"}],"wp:term":[{"taxonomy":"category","embeddable":true,"href":"https:\/\/www.granadablogs.com\/juezcalatayud\/wp-json\/wp\/v2\/categories?post=1976"},{"taxonomy":"post_tag","embeddable":true,"href":"https:\/\/www.granadablogs.com\/juezcalatayud\/wp-json\/wp\/v2\/tags?post=1976"}],"curies":[{"name":"wp","href":"https:\/\/api.w.org\/{rel}","templated":true}]}}