{"id":1973,"date":"2012-08-26T15:17:32","date_gmt":"2012-08-26T14:17:32","guid":{"rendered":"http:\/\/www.granadablogs.com\/juezcalatayud\/?p=1973"},"modified":"2012-08-26T15:17:32","modified_gmt":"2012-08-26T14:17:32","slug":"un-belga-esta-diez-anos-en-el-paro-o-las-limosnas-controladas","status":"publish","type":"post","link":"https:\/\/www.granadablogs.com\/juezcalatayud\/2012\/08\/un-belga-esta-diez-anos-en-el-paro-o-las-limosnas-controladas\/","title":{"rendered":"Un belga est\u00e1 diez a\u00f1os en el paro o las limosnas controladas"},"content":{"rendered":"<p>Tanto don Emilio como yo estamos un tanto monotem\u00e1ticos con esto de la crisis. Lo sentimos, pero es inevitable que la dichosa recesi\u00f3n no est\u00e9 presente -al menos, durante unos minutos- en cualquier conversaci\u00f3n. Al grano: me contaba un amigo que se cri\u00f3 en B\u00e9lgica que all\u00ed el Estado del Bienestar es tan generoso que hay ciudadanos que, empalmando pr\u00f3rroga tras pr\u00f3rroga, han logrado estar \u00a1diez a\u00f1os cobrando el desempleo! \u00abY luego se jubilan\u00bb, a\u00f1adi\u00f3 este colega. Dice mi amigo que el siguiente pa\u00eds en caer, despu\u00e9s de Espa\u00f1a e Italia o puede incluso que antes, ser\u00e1 B\u00e9lgica. No es analista ni nada. Es un simple y honrado currela. Pero sabe de lo que habla.<br \/>\nAl mismo tiempo, veo en una repetici\u00f3n del programa de &#8216;El follonero&#8217; que en Alemania -un pa\u00eds que tuvo no hace mucho un Estado del Bienestar que permit\u00eda a los parados disfrutar de balnearios gratis y que pagaba tres a\u00f1os de desempleo- llegaron a recortar el subsidio -unos 400 euros- a un hombre que ped\u00eda limosna en la calle. Calcularon lo que ganaba con esa pr\u00e1ctica y se lo descontaron de la ayuda.<br \/>\nEsta claro que nuestro futuro se parecer\u00e1 m\u00e1s al presente de Alemania que al de B\u00e9lgica -y a los propios belgas les pasar\u00e1 lo mismo-. De Guatemala a guatepeor.<\/p>\n","protected":false},"excerpt":{"rendered":"<p>Tanto don Emilio como yo estamos un tanto monotem\u00e1ticos con esto de la crisis. Lo sentimos, pero es inevitable que la dichosa recesi\u00f3n no est\u00e9 presente -al menos, durante unos minutos- en cualquier conversaci\u00f3n. Al grano: me contaba un amigo que se cri\u00f3 en B\u00e9lgica que all\u00ed el Estado del Bienestar es tan generoso que [&hellip;]<\/p>\n","protected":false},"author":3,"featured_media":0,"comment_status":"open","ping_status":"open","sticky":false,"template":"","format":"standard","meta":{"jetpack_post_was_ever_published":false,"_jetpack_newsletter_access":"","_jetpack_dont_email_post_to_subs":false,"_jetpack_newsletter_tier_id":0,"_jetpack_memberships_contains_paywalled_content":false,"_jetpack_memberships_contains_paid_content":false,"footnotes":""},"categories":[1],"tags":[463,462],"class_list":["post-1973","post","type-post","status-publish","format-standard","hentry","category-blog","tag-alemania","tag-belgica"],"jetpack_featured_media_url":"","jetpack_shortlink":"https:\/\/wp.me\/p5fzW5-vP","jetpack-related-posts":[],"jetpack_sharing_enabled":true,"_links":{"self":[{"href":"https:\/\/www.granadablogs.com\/juezcalatayud\/wp-json\/wp\/v2\/posts\/1973","targetHints":{"allow":["GET"]}}],"collection":[{"href":"https:\/\/www.granadablogs.com\/juezcalatayud\/wp-json\/wp\/v2\/posts"}],"about":[{"href":"https:\/\/www.granadablogs.com\/juezcalatayud\/wp-json\/wp\/v2\/types\/post"}],"author":[{"embeddable":true,"href":"https:\/\/www.granadablogs.com\/juezcalatayud\/wp-json\/wp\/v2\/users\/3"}],"replies":[{"embeddable":true,"href":"https:\/\/www.granadablogs.com\/juezcalatayud\/wp-json\/wp\/v2\/comments?post=1973"}],"version-history":[{"count":2,"href":"https:\/\/www.granadablogs.com\/juezcalatayud\/wp-json\/wp\/v2\/posts\/1973\/revisions"}],"predecessor-version":[{"id":1975,"href":"https:\/\/www.granadablogs.com\/juezcalatayud\/wp-json\/wp\/v2\/posts\/1973\/revisions\/1975"}],"wp:attachment":[{"href":"https:\/\/www.granadablogs.com\/juezcalatayud\/wp-json\/wp\/v2\/media?parent=1973"}],"wp:term":[{"taxonomy":"category","embeddable":true,"href":"https:\/\/www.granadablogs.com\/juezcalatayud\/wp-json\/wp\/v2\/categories?post=1973"},{"taxonomy":"post_tag","embeddable":true,"href":"https:\/\/www.granadablogs.com\/juezcalatayud\/wp-json\/wp\/v2\/tags?post=1973"}],"curies":[{"name":"wp","href":"https:\/\/api.w.org\/{rel}","templated":true}]}}