{"id":197,"date":"2009-04-29T15:14:08","date_gmt":"2009-04-29T14:14:08","guid":{"rendered":"http:\/\/www.granadablogs.com\/juezcalatayud\/?p=197"},"modified":"2009-04-29T15:20:32","modified_gmt":"2009-04-29T14:20:32","slug":"la-gripe-nueva-o-nueva-gripe","status":"publish","type":"post","link":"https:\/\/www.granadablogs.com\/juezcalatayud\/2009\/04\/la-gripe-nueva-o-nueva-gripe\/","title":{"rendered":"La &#8216;gripe nueva&#8217; o &#8216;nueva gripe&#8217;"},"content":{"rendered":"<p>Hola, hola&#8230; \u00a1Cu\u00e1nto tiempo! Por fin he podido encontrar un momento para &#8216;deponer&#8217; -que es como lo llaman los abogados en los juicios- en el blog. La culpa de la tardanza: la dichosa gripe porcina&#8230; o mejor dicho, &#8216;gripe nueva&#8217; o &#8216;nueva gripe&#8217;, porque el nombre ya ha mutado. Y mientras s\u00f3lo sea el nombre, mejor.<\/p>\n<p>El caso es en el peri\u00f3dico estamos teniendo un foll\u00f3n de trabajo por culpa del microorganismo de marras. Cuando ocurren estas cosas, todo lo dem\u00e1s pasa a un segundo t\u00e9rmino, tanto en lo personal como en lo profesional.<\/p>\n<p>Y es que este tipo de incidentes, admitamoslo, acongojan, por decirlo suavemente. Enseguida se nos meten en la cabeza visiones apocal\u00edpticas y es complicado sacarlas de ah\u00ed.\u00a0Fuera de eso, no se me ocurre nada original que decir. Hay quien considera que se est\u00e1 informando demasiado y que eso genera alarma, pero tambi\u00e9n es verdad que, si no se informase, aparecer\u00edan los &#8216;conspiranoicos&#8217; para poner el grito en el cielo: &#8216;Nos ocultan la verdad, es el fin del mundo&#8217; y todo lo dem\u00e1s.<\/p>\n<p>Lo m\u00e1s triste -y lo digo porque me ha ocurrido cuando trabajaba en este tema- es que haya personas que ya est\u00e9n abogando por tratar como apestados a quienes han viajado recientemente a M\u00e9xico. Un lector de <a href=\"http:\/\/www.ideal.es\">www.ideal.es<\/a> me recriminaba por haber publicado una noticia sobre unos chicos de Granada que regresaban de Canc\u00fan y no haber dicho d\u00f3nde estudiaban. \u00abA usted no le gustar\u00eda que estuvieran en el colegio de sus hijos y no se lo dijeran, \u00bfverdad, se\u00f1or Mor\u00e1n?\u00bb, me dec\u00eda el lector.\u00a0 De inmediato me vino a la mente lo que ocurri\u00f3, en los primeros a\u00f1os de la pandemia, con los ni\u00f1os infectados por el virus del SIDA: por doquier, se alzaban voces para criticar su escolarizaci\u00f3n con el resto de los menores. Hoy, y me consta,\u00a0hay \u00a0peque\u00f1os con anticuerpos del SIDA que comparten aula con nuestros hijos y no pasa nada.<\/p>\n<p>La histeria y su &#8216;primo-hermano&#8217; , el rechazo, nunca son buenos consejeros.<\/p>\n<p>Buff, me he pasado de solemne y de trist\u00f3n. Menos mal que ah\u00ed fuera brilla un sol espl\u00e9ndido y la primavera saca m\u00fasculo. Saludos. Y lo de siempre: intentamos contestar a todos, pero lo hacemos muy, muy lentamente&#8230; Disculpas.<\/p>\n","protected":false},"excerpt":{"rendered":"<p>Hola, hola&#8230; \u00a1Cu\u00e1nto tiempo! Por fin he podido encontrar un momento para &#8216;deponer&#8217; -que es como lo llaman los abogados en los juicios- en el blog. La culpa de la tardanza: la dichosa gripe porcina&#8230; o mejor dicho, &#8216;gripe nueva&#8217; o &#8216;nueva gripe&#8217;, porque el nombre ya ha mutado. Y mientras s\u00f3lo sea el nombre, [&hellip;]<\/p>\n","protected":false},"author":3,"featured_media":0,"comment_status":"open","ping_status":"open","sticky":false,"template":"","format":"standard","meta":{"jetpack_post_was_ever_published":false,"_jetpack_newsletter_access":"","_jetpack_dont_email_post_to_subs":false,"_jetpack_newsletter_tier_id":0,"_jetpack_memberships_contains_paywalled_content":false,"_jetpack_memberships_contains_paid_content":false,"footnotes":""},"categories":[1],"tags":[40,41,42],"class_list":["post-197","post","type-post","status-publish","format-standard","hentry","category-blog","tag-gripe-porcina","tag-ninos","tag-sida"],"jetpack_featured_media_url":"","jetpack_shortlink":"https:\/\/wp.me\/p5fzW5-3b","jetpack-related-posts":[],"jetpack_sharing_enabled":true,"_links":{"self":[{"href":"https:\/\/www.granadablogs.com\/juezcalatayud\/wp-json\/wp\/v2\/posts\/197","targetHints":{"allow":["GET"]}}],"collection":[{"href":"https:\/\/www.granadablogs.com\/juezcalatayud\/wp-json\/wp\/v2\/posts"}],"about":[{"href":"https:\/\/www.granadablogs.com\/juezcalatayud\/wp-json\/wp\/v2\/types\/post"}],"author":[{"embeddable":true,"href":"https:\/\/www.granadablogs.com\/juezcalatayud\/wp-json\/wp\/v2\/users\/3"}],"replies":[{"embeddable":true,"href":"https:\/\/www.granadablogs.com\/juezcalatayud\/wp-json\/wp\/v2\/comments?post=197"}],"version-history":[{"count":5,"href":"https:\/\/www.granadablogs.com\/juezcalatayud\/wp-json\/wp\/v2\/posts\/197\/revisions"}],"predecessor-version":[{"id":202,"href":"https:\/\/www.granadablogs.com\/juezcalatayud\/wp-json\/wp\/v2\/posts\/197\/revisions\/202"}],"wp:attachment":[{"href":"https:\/\/www.granadablogs.com\/juezcalatayud\/wp-json\/wp\/v2\/media?parent=197"}],"wp:term":[{"taxonomy":"category","embeddable":true,"href":"https:\/\/www.granadablogs.com\/juezcalatayud\/wp-json\/wp\/v2\/categories?post=197"},{"taxonomy":"post_tag","embeddable":true,"href":"https:\/\/www.granadablogs.com\/juezcalatayud\/wp-json\/wp\/v2\/tags?post=197"}],"curies":[{"name":"wp","href":"https:\/\/api.w.org\/{rel}","templated":true}]}}