{"id":1962,"date":"2012-08-09T23:42:52","date_gmt":"2012-08-09T22:42:52","guid":{"rendered":"http:\/\/www.granadablogs.com\/juezcalatayud\/?p=1962"},"modified":"2012-08-09T23:44:37","modified_gmt":"2012-08-09T22:44:37","slug":"%c2%bfcomo-hemos-cambiado","status":"publish","type":"post","link":"https:\/\/www.granadablogs.com\/juezcalatayud\/2012\/08\/%c2%bfcomo-hemos-cambiado\/","title":{"rendered":"\u00bfC\u00f3mo hemos cambiado?"},"content":{"rendered":"<p>Ayer, d\u00eda 9 de agosto, se cumplieron cinco a\u00f1os del estallido de la crisis econ\u00f3mica. Fue entonces cuando llegaron las primeras noticias del derrumbe financiero de grandes bancos estadounidenses por culpa de las llamadas hipotecas &#8216;subprime&#8217; o de alto riesgo. Sonaba lejano, pero el virus estaba ya extendido por toda la econom\u00eda mundial. Era el principio del fin de algo. \u00bfDe qu\u00e9?, nos preguntamos. Y esa pregunta nos lleva a otra: \u00bfC\u00f3mo hemos cambiado desde aquel otro 9 de agosto?.<br \/>\nComo es l\u00f3gico, hablo por m\u00ed, Carlos Mor\u00e1n, periodista y padre de familia: creo que, en general, soy una persona m\u00e1s ansiosa que antes y tambi\u00e9n m\u00e1s asustadiza. Pero tambi\u00e9n creo que todo esto nos har\u00e1 un pel\u00edn m\u00e1s fuertes: no digo econ\u00f3micamente, si no an\u00edmicamente. Dir\u00e1n ustedes, el que no se consuela es porque no quiere. Y es verdad. Pero luego pienso en un amigo muy querido al que hace unos d\u00edas le diagnosticaron un posible tumor cerebral y, tras m\u00faltiples pruebas y una compleja intervenci\u00f3n, los m\u00e9dicos han coincidido en que no ten\u00eda c\u00e1ncer. Se lo dijeron ayer. Ha vuelto a nacer un nueve de agosto. Para \u00e9l no ser\u00e1 nunca m\u00e1s el d\u00eda en que empez\u00f3 la crisis, si no el primer d\u00eda del resto de su vida.\u00a1Qu\u00e9 alegr\u00eda! Un saludo. Y, como hemos dicho en Facebook, disculpad si, durante unos d\u00edas, escribimos menos. Nos estamos tomando un breve respiro vacacional.   <\/p>\n","protected":false},"excerpt":{"rendered":"<p>Ayer, d\u00eda 9 de agosto, se cumplieron cinco a\u00f1os del estallido de la crisis econ\u00f3mica. Fue entonces cuando llegaron las primeras noticias del derrumbe financiero de grandes bancos estadounidenses por culpa de las llamadas hipotecas &#8216;subprime&#8217; o de alto riesgo. Sonaba lejano, pero el virus estaba ya extendido por toda la econom\u00eda mundial. Era el [&hellip;]<\/p>\n","protected":false},"author":3,"featured_media":0,"comment_status":"open","ping_status":"open","sticky":false,"template":"","format":"standard","meta":{"jetpack_post_was_ever_published":false,"_jetpack_newsletter_access":"","_jetpack_dont_email_post_to_subs":false,"_jetpack_newsletter_tier_id":0,"_jetpack_memberships_contains_paywalled_content":false,"_jetpack_memberships_contains_paid_content":false,"footnotes":""},"categories":[1],"tags":[],"class_list":["post-1962","post","type-post","status-publish","format-standard","hentry","category-blog"],"jetpack_featured_media_url":"","jetpack_shortlink":"https:\/\/wp.me\/p5fzW5-vE","jetpack-related-posts":[],"jetpack_sharing_enabled":true,"_links":{"self":[{"href":"https:\/\/www.granadablogs.com\/juezcalatayud\/wp-json\/wp\/v2\/posts\/1962","targetHints":{"allow":["GET"]}}],"collection":[{"href":"https:\/\/www.granadablogs.com\/juezcalatayud\/wp-json\/wp\/v2\/posts"}],"about":[{"href":"https:\/\/www.granadablogs.com\/juezcalatayud\/wp-json\/wp\/v2\/types\/post"}],"author":[{"embeddable":true,"href":"https:\/\/www.granadablogs.com\/juezcalatayud\/wp-json\/wp\/v2\/users\/3"}],"replies":[{"embeddable":true,"href":"https:\/\/www.granadablogs.com\/juezcalatayud\/wp-json\/wp\/v2\/comments?post=1962"}],"version-history":[{"count":2,"href":"https:\/\/www.granadablogs.com\/juezcalatayud\/wp-json\/wp\/v2\/posts\/1962\/revisions"}],"predecessor-version":[{"id":1964,"href":"https:\/\/www.granadablogs.com\/juezcalatayud\/wp-json\/wp\/v2\/posts\/1962\/revisions\/1964"}],"wp:attachment":[{"href":"https:\/\/www.granadablogs.com\/juezcalatayud\/wp-json\/wp\/v2\/media?parent=1962"}],"wp:term":[{"taxonomy":"category","embeddable":true,"href":"https:\/\/www.granadablogs.com\/juezcalatayud\/wp-json\/wp\/v2\/categories?post=1962"},{"taxonomy":"post_tag","embeddable":true,"href":"https:\/\/www.granadablogs.com\/juezcalatayud\/wp-json\/wp\/v2\/tags?post=1962"}],"curies":[{"name":"wp","href":"https:\/\/api.w.org\/{rel}","templated":true}]}}