{"id":1960,"date":"2012-08-08T20:27:25","date_gmt":"2012-08-08T19:27:25","guid":{"rendered":"http:\/\/www.granadablogs.com\/juezcalatayud\/?p=1960"},"modified":"2012-08-08T20:27:25","modified_gmt":"2012-08-08T19:27:25","slug":"los-recortes-vulneran-los-derechos-de-los-ninos-discapacitados","status":"publish","type":"post","link":"https:\/\/www.granadablogs.com\/juezcalatayud\/2012\/08\/los-recortes-vulneran-los-derechos-de-los-ninos-discapacitados\/","title":{"rendered":"\u00abLos recortes vulneran los derechos de los ni\u00f1os discapacitados\u00bb"},"content":{"rendered":"<p>No es la ocurrencia de alguien que pasaba por aqu\u00ed. La afirmaci\u00f3n es de una alta representante de la ONU y viene a recordarnos que tirar de las tijeras puede servir para salvar bancos, pero tambi\u00e9n produce graves efectos secundarios. La informaci\u00f3n es de la agencia Efe. \u00abLa vicepresidenta del Comit\u00e9 de Naciones Unidas sobre los derechos de los ni\u00f1os con discapacidad, Ana Pel\u00e1ez, ha advertido hoy en Santander de que los recortes presupuestarios derivados de la crisis vulneran los derechos de los ni\u00f1os discapacitados. Pel\u00e1ez ha hecho estas reflexiones en un curso sobre derechos de los menores con discapacidad organizado por la Universidad Cat\u00f3lica de Valencia en el Seminario de Corb\u00e1n, en Santander, seg\u00fan informa la instituci\u00f3n acad\u00e9mica en nota de prensa.<br \/>\nEn opini\u00f3n de Pel\u00e1ez, los recortes presupuestarios afectan a derechos de las personas con discapacidad como los de recibir una \u00abeducaci\u00f3n inclusiva de calidad\u00bb o una \u00abasistencia adecuada\u00bb.<br \/>\nA su juicio, a la Uni\u00f3n Europea le falta \u00absentirse verdaderamente concernida\u00bb por la Convenci\u00f3n Internacional sobre los Derechos de las Personas con Discapacidad\u00bb.<br \/>\nPues eso.<\/p>\n","protected":false},"excerpt":{"rendered":"<p>No es la ocurrencia de alguien que pasaba por aqu\u00ed. La afirmaci\u00f3n es de una alta representante de la ONU y viene a recordarnos que tirar de las tijeras puede servir para salvar bancos, pero tambi\u00e9n produce graves efectos secundarios. La informaci\u00f3n es de la agencia Efe. \u00abLa vicepresidenta del Comit\u00e9 de Naciones Unidas sobre [&hellip;]<\/p>\n","protected":false},"author":3,"featured_media":0,"comment_status":"open","ping_status":"open","sticky":false,"template":"","format":"standard","meta":{"jetpack_post_was_ever_published":false,"_jetpack_newsletter_access":"","_jetpack_dont_email_post_to_subs":false,"_jetpack_newsletter_tier_id":0,"_jetpack_memberships_contains_paywalled_content":false,"_jetpack_memberships_contains_paid_content":false,"footnotes":""},"categories":[1],"tags":[457,41],"class_list":["post-1960","post","type-post","status-publish","format-standard","hentry","category-blog","tag-discapacitados","tag-ninos"],"jetpack_featured_media_url":"","jetpack_shortlink":"https:\/\/wp.me\/p5fzW5-vC","jetpack-related-posts":[],"jetpack_sharing_enabled":true,"_links":{"self":[{"href":"https:\/\/www.granadablogs.com\/juezcalatayud\/wp-json\/wp\/v2\/posts\/1960","targetHints":{"allow":["GET"]}}],"collection":[{"href":"https:\/\/www.granadablogs.com\/juezcalatayud\/wp-json\/wp\/v2\/posts"}],"about":[{"href":"https:\/\/www.granadablogs.com\/juezcalatayud\/wp-json\/wp\/v2\/types\/post"}],"author":[{"embeddable":true,"href":"https:\/\/www.granadablogs.com\/juezcalatayud\/wp-json\/wp\/v2\/users\/3"}],"replies":[{"embeddable":true,"href":"https:\/\/www.granadablogs.com\/juezcalatayud\/wp-json\/wp\/v2\/comments?post=1960"}],"version-history":[{"count":1,"href":"https:\/\/www.granadablogs.com\/juezcalatayud\/wp-json\/wp\/v2\/posts\/1960\/revisions"}],"predecessor-version":[{"id":1961,"href":"https:\/\/www.granadablogs.com\/juezcalatayud\/wp-json\/wp\/v2\/posts\/1960\/revisions\/1961"}],"wp:attachment":[{"href":"https:\/\/www.granadablogs.com\/juezcalatayud\/wp-json\/wp\/v2\/media?parent=1960"}],"wp:term":[{"taxonomy":"category","embeddable":true,"href":"https:\/\/www.granadablogs.com\/juezcalatayud\/wp-json\/wp\/v2\/categories?post=1960"},{"taxonomy":"post_tag","embeddable":true,"href":"https:\/\/www.granadablogs.com\/juezcalatayud\/wp-json\/wp\/v2\/tags?post=1960"}],"curies":[{"name":"wp","href":"https:\/\/api.w.org\/{rel}","templated":true}]}}