{"id":1957,"date":"2012-08-01T22:53:38","date_gmt":"2012-08-01T21:53:38","guid":{"rendered":"http:\/\/www.granadablogs.com\/juezcalatayud\/?p=1957"},"modified":"2012-08-01T22:53:38","modified_gmt":"2012-08-01T21:53:38","slug":"un-dinero-publico-bien-invertido","status":"publish","type":"post","link":"https:\/\/www.granadablogs.com\/juezcalatayud\/2012\/08\/un-dinero-publico-bien-invertido\/","title":{"rendered":"Un dinero p\u00fablico bien invertido"},"content":{"rendered":"<p>Buenas, soy Emilio Calatayud. Carlos ya os ha contado que he estado coordinando unos cursos sobre justicia de Menores organizados por la Universidad de Almer\u00eda. Ha sido una experiencia muy interesante, sobre todo, por el formato: no s\u00f3lo hubo conferencias. Por ejemplo, en una de las sesiones, una chica que hab\u00eda estado en encerrada en un centro de internamiento por diversos delitos y con problemas con las drogas, explic\u00f3 a los asistentes cu\u00e1nto le sirvi\u00f3 pasar por el centro para cambiar y rehabilitarse. Y habl\u00f3 delante de sus padres, que estaban junto a ella. Los alumnos del curso estaban emocionados. Yo tambi\u00e9n. All\u00ed, delante de todos, la chica dijo a sus padres que les quer\u00eda mucho. Estamos hablando de una familia que hab\u00eda estado totalmente rota y de una persona que un d\u00eda lleg\u00f3 a tocar fondo.<\/p>\n<p>Tambi\u00e9n escuchamos a un chaval al que yo conden\u00e9 siete u ocho veces -en total, ha estado encerrado seis a\u00f1os- contar lo que equivocado que estaba y explicarnos c\u00f3mo est\u00e1n intentando ganarse la vida haciendo una chapuza aqu\u00ed y otra all\u00ed&#8230; Como cualquiera en estos tiempos dif\u00edciles.<\/p>\n<p>Adem\u00e1s, y aunque no estaba previsto, intervino otro chico que hab\u00eda pasado por un centro de internamiento y que, cada vez que puede, vuelve para saludar a las personas que le ayudaron y estar con ellas. \u00bfOs imagin\u00e1is a un preso adulto que volviera a la c\u00e1rcel para agradecer lo que hicieron por \u00e9l? No s\u00e9 si eso pasa con los mayores, pero con los menores, s\u00ed. Es lo que digo siempre, si no creemos en la reinserci\u00f3n de nuestros chavales, \u00bfen qu\u00e9 vamos a creer?<\/p>\n<p>Es complicado decirlo en estos tiempos, pero el dinero p\u00fablico que se invierte en esos centros, bien invertido est\u00e1. Lo que sobran, y perd\u00f3n por lo pesado que me pongo con el tema, son los coches oficiales y los asesores, etc.<\/p>\n","protected":false},"excerpt":{"rendered":"<p>Buenas, soy Emilio Calatayud. Carlos ya os ha contado que he estado coordinando unos cursos sobre justicia de Menores organizados por la Universidad de Almer\u00eda. Ha sido una experiencia muy interesante, sobre todo, por el formato: no s\u00f3lo hubo conferencias. Por ejemplo, en una de las sesiones, una chica que hab\u00eda estado en encerrada en [&hellip;]<\/p>\n","protected":false},"author":2,"featured_media":0,"comment_status":"open","ping_status":"open","sticky":false,"template":"","format":"standard","meta":{"jetpack_post_was_ever_published":false,"_jetpack_newsletter_access":"","_jetpack_dont_email_post_to_subs":false,"_jetpack_newsletter_tier_id":0,"_jetpack_memberships_contains_paywalled_content":false,"_jetpack_memberships_contains_paid_content":false,"footnotes":""},"categories":[1],"tags":[455,456],"class_list":["post-1957","post","type-post","status-publish","format-standard","hentry","category-blog","tag-dinero","tag-publico"],"jetpack_featured_media_url":"","jetpack_shortlink":"https:\/\/wp.me\/p5fzW5-vz","jetpack-related-posts":[],"jetpack_sharing_enabled":true,"_links":{"self":[{"href":"https:\/\/www.granadablogs.com\/juezcalatayud\/wp-json\/wp\/v2\/posts\/1957","targetHints":{"allow":["GET"]}}],"collection":[{"href":"https:\/\/www.granadablogs.com\/juezcalatayud\/wp-json\/wp\/v2\/posts"}],"about":[{"href":"https:\/\/www.granadablogs.com\/juezcalatayud\/wp-json\/wp\/v2\/types\/post"}],"author":[{"embeddable":true,"href":"https:\/\/www.granadablogs.com\/juezcalatayud\/wp-json\/wp\/v2\/users\/2"}],"replies":[{"embeddable":true,"href":"https:\/\/www.granadablogs.com\/juezcalatayud\/wp-json\/wp\/v2\/comments?post=1957"}],"version-history":[{"count":2,"href":"https:\/\/www.granadablogs.com\/juezcalatayud\/wp-json\/wp\/v2\/posts\/1957\/revisions"}],"predecessor-version":[{"id":1959,"href":"https:\/\/www.granadablogs.com\/juezcalatayud\/wp-json\/wp\/v2\/posts\/1957\/revisions\/1959"}],"wp:attachment":[{"href":"https:\/\/www.granadablogs.com\/juezcalatayud\/wp-json\/wp\/v2\/media?parent=1957"}],"wp:term":[{"taxonomy":"category","embeddable":true,"href":"https:\/\/www.granadablogs.com\/juezcalatayud\/wp-json\/wp\/v2\/categories?post=1957"},{"taxonomy":"post_tag","embeddable":true,"href":"https:\/\/www.granadablogs.com\/juezcalatayud\/wp-json\/wp\/v2\/tags?post=1957"}],"curies":[{"name":"wp","href":"https:\/\/api.w.org\/{rel}","templated":true}]}}