{"id":195,"date":"2009-04-24T20:51:03","date_gmt":"2009-04-24T19:51:03","guid":{"rendered":"http:\/\/www.granadablogs.com\/juezcalatayud\/2009\/04\/la-charla-del-aula-de-cultura-de-ideal-en-granada-sera-el-7-de-mayo\/"},"modified":"2009-04-24T20:51:56","modified_gmt":"2009-04-24T19:51:56","slug":"la-charla-del-aula-de-cultura-de-ideal-en-granada-sera-el-7-de-mayo","status":"publish","type":"post","link":"https:\/\/www.granadablogs.com\/juezcalatayud\/2009\/04\/la-charla-del-aula-de-cultura-de-ideal-en-granada-sera-el-7-de-mayo\/","title":{"rendered":"La charla del Aula de Cultura de IDEAL en Granada ser\u00e1 el 7 de mayo"},"content":{"rendered":"<p>Mil perdones, pero la charla de don Emilio en el Aula de Cultura de IDEAL ser\u00e1 el pr\u00f3ximo d\u00eda 7 de mayo y no el d\u00eda 30, como dec\u00eda en el &#8216;post&#8217; anterior.Todo lo dem\u00e1s, lugar, sitio y hora, queda igual. Y s\u00ed, Carla, la entrada es libre hasta completar el aforo.<br \/>\nSaludos y perd\u00f3n por el error. (esperemos que no haya m\u00e1s, pero, conoci\u00e9ndome, yo no lo descartar\u00eda). Saludos y disculpas de nuevo.<\/p>\n","protected":false},"excerpt":{"rendered":"<p>Mil perdones, pero la charla de don Emilio en el Aula de Cultura de IDEAL ser\u00e1 el pr\u00f3ximo d\u00eda 7 de mayo y no el d\u00eda 30, como dec\u00eda en el &#8216;post&#8217; anterior.Todo lo dem\u00e1s, lugar, sitio y hora, queda igual. Y s\u00ed, Carla, la entrada es libre hasta completar el aforo. Saludos y perd\u00f3n [&hellip;]<\/p>\n","protected":false},"author":3,"featured_media":0,"comment_status":"open","ping_status":"open","sticky":false,"template":"","format":"standard","meta":{"jetpack_post_was_ever_published":false,"_jetpack_newsletter_access":"","_jetpack_dont_email_post_to_subs":false,"_jetpack_newsletter_tier_id":0,"_jetpack_memberships_contains_paywalled_content":false,"_jetpack_memberships_contains_paid_content":false,"footnotes":""},"categories":[1],"tags":[],"class_list":["post-195","post","type-post","status-publish","format-standard","hentry","category-blog"],"jetpack_featured_media_url":"","jetpack_shortlink":"https:\/\/wp.me\/p5fzW5-39","jetpack-related-posts":[],"jetpack_sharing_enabled":true,"_links":{"self":[{"href":"https:\/\/www.granadablogs.com\/juezcalatayud\/wp-json\/wp\/v2\/posts\/195","targetHints":{"allow":["GET"]}}],"collection":[{"href":"https:\/\/www.granadablogs.com\/juezcalatayud\/wp-json\/wp\/v2\/posts"}],"about":[{"href":"https:\/\/www.granadablogs.com\/juezcalatayud\/wp-json\/wp\/v2\/types\/post"}],"author":[{"embeddable":true,"href":"https:\/\/www.granadablogs.com\/juezcalatayud\/wp-json\/wp\/v2\/users\/3"}],"replies":[{"embeddable":true,"href":"https:\/\/www.granadablogs.com\/juezcalatayud\/wp-json\/wp\/v2\/comments?post=195"}],"version-history":[{"count":1,"href":"https:\/\/www.granadablogs.com\/juezcalatayud\/wp-json\/wp\/v2\/posts\/195\/revisions"}],"predecessor-version":[{"id":196,"href":"https:\/\/www.granadablogs.com\/juezcalatayud\/wp-json\/wp\/v2\/posts\/195\/revisions\/196"}],"wp:attachment":[{"href":"https:\/\/www.granadablogs.com\/juezcalatayud\/wp-json\/wp\/v2\/media?parent=195"}],"wp:term":[{"taxonomy":"category","embeddable":true,"href":"https:\/\/www.granadablogs.com\/juezcalatayud\/wp-json\/wp\/v2\/categories?post=195"},{"taxonomy":"post_tag","embeddable":true,"href":"https:\/\/www.granadablogs.com\/juezcalatayud\/wp-json\/wp\/v2\/tags?post=195"}],"curies":[{"name":"wp","href":"https:\/\/api.w.org\/{rel}","templated":true}]}}