{"id":1946,"date":"2012-07-24T17:37:36","date_gmt":"2012-07-24T16:37:36","guid":{"rendered":"http:\/\/www.granadablogs.com\/juezcalatayud\/?p=1946"},"modified":"2012-07-24T17:37:36","modified_gmt":"2012-07-24T16:37:36","slug":"%c2%bfque-pasaria-se-los-menores-de-nueve-anos-empiezan-a-cometer-delitos","status":"publish","type":"post","link":"https:\/\/www.granadablogs.com\/juezcalatayud\/2012\/07\/%c2%bfque-pasaria-se-los-menores-de-nueve-anos-empiezan-a-cometer-delitos\/","title":{"rendered":"\u00ab\u00bfQu\u00e9 pasar\u00eda se los menores de nueve a\u00f1os empiezan a cometer delitos?\u00bb"},"content":{"rendered":"<p>Hace, unos d\u00edas, don Emilio ha coordinado curso sobre la Justicia de Menores organizado por la Universidad de Almer\u00eda y que ha tenido lugar en Purchena, localidad que acoge uno de los mejores centros de internamiento para menores infractores de Espa\u00f1a. Seg\u00fan la edici\u00f3n almeriense de IDEAL e ideal.es, el juez habl\u00f3 sobre el recurrente asunto de la !rebaja de la edad penal y la controvertida Ley del Menor\u00bb. En este sentido, Emilio Calatayud \u00abvolvi\u00f3 a preguntarse qu\u00e9 pasar\u00eda si los menores de 9 a\u00f1os empiezan a cometer delitos, o cu\u00e1ntos a\u00f1os de privaci\u00f3n de libertad queremos como sociedad para los peque\u00f1os, porque un a\u00f1o en la vida de un chaval de 14 no es lo mismo que para un hombre de 30, y un adulto no suele estar en la c\u00e1rcel m\u00e1s de 10 a\u00f1os. Eso lo vemos a diario\u00bb.<br \/>\n\u00abAsimismo, Calatayud pidi\u00f3 rigor informativo y que se destierre el mito de que un menor puede delinquir sin miedo porque no le va a pasar nada o que no estar\u00e1 m\u00e1s de cinco a\u00f1os recluido. \u00abEso no es cierto. Adem\u00e1s, ahora sentamos en el banquillo tambi\u00e9n a los padres, a los colegios, si el delito se comete en el centro, y a las comunidades aut\u00f3nomas si son menores acogidos\u00bb.<\/p>\n<p>Seguiremos informando. <\/p>\n","protected":false},"excerpt":{"rendered":"<p>Hace, unos d\u00edas, don Emilio ha coordinado curso sobre la Justicia de Menores organizado por la Universidad de Almer\u00eda y que ha tenido lugar en Purchena, localidad que acoge uno de los mejores centros de internamiento para menores infractores de Espa\u00f1a. Seg\u00fan la edici\u00f3n almeriense de IDEAL e ideal.es, el juez habl\u00f3 sobre el recurrente [&hellip;]<\/p>\n","protected":false},"author":3,"featured_media":0,"comment_status":"open","ping_status":"open","sticky":false,"template":"","format":"standard","meta":{"jetpack_post_was_ever_published":false,"_jetpack_newsletter_access":"","_jetpack_dont_email_post_to_subs":false,"_jetpack_newsletter_tier_id":0,"_jetpack_memberships_contains_paywalled_content":false,"_jetpack_memberships_contains_paid_content":false,"footnotes":""},"categories":[1],"tags":[365,452],"class_list":["post-1946","post","type-post","status-publish","format-standard","hentry","category-blog","tag-delitos","tag-nueve-anos"],"jetpack_featured_media_url":"","jetpack_shortlink":"https:\/\/wp.me\/p5fzW5-vo","jetpack-related-posts":[],"jetpack_sharing_enabled":true,"_links":{"self":[{"href":"https:\/\/www.granadablogs.com\/juezcalatayud\/wp-json\/wp\/v2\/posts\/1946","targetHints":{"allow":["GET"]}}],"collection":[{"href":"https:\/\/www.granadablogs.com\/juezcalatayud\/wp-json\/wp\/v2\/posts"}],"about":[{"href":"https:\/\/www.granadablogs.com\/juezcalatayud\/wp-json\/wp\/v2\/types\/post"}],"author":[{"embeddable":true,"href":"https:\/\/www.granadablogs.com\/juezcalatayud\/wp-json\/wp\/v2\/users\/3"}],"replies":[{"embeddable":true,"href":"https:\/\/www.granadablogs.com\/juezcalatayud\/wp-json\/wp\/v2\/comments?post=1946"}],"version-history":[{"count":6,"href":"https:\/\/www.granadablogs.com\/juezcalatayud\/wp-json\/wp\/v2\/posts\/1946\/revisions"}],"predecessor-version":[{"id":1952,"href":"https:\/\/www.granadablogs.com\/juezcalatayud\/wp-json\/wp\/v2\/posts\/1946\/revisions\/1952"}],"wp:attachment":[{"href":"https:\/\/www.granadablogs.com\/juezcalatayud\/wp-json\/wp\/v2\/media?parent=1946"}],"wp:term":[{"taxonomy":"category","embeddable":true,"href":"https:\/\/www.granadablogs.com\/juezcalatayud\/wp-json\/wp\/v2\/categories?post=1946"},{"taxonomy":"post_tag","embeddable":true,"href":"https:\/\/www.granadablogs.com\/juezcalatayud\/wp-json\/wp\/v2\/tags?post=1946"}],"curies":[{"name":"wp","href":"https:\/\/api.w.org\/{rel}","templated":true}]}}