{"id":19441,"date":"2024-04-23T14:37:39","date_gmt":"2024-04-23T12:37:39","guid":{"rendered":"https:\/\/www.granadablogs.com\/juezcalatayud\/?p=19441"},"modified":"2024-04-23T14:40:51","modified_gmt":"2024-04-23T12:40:51","slug":"feliz-dia-del-libro-gracias-por-leer-y-si-leeis-nuestros-libros-dobles-gracias","status":"publish","type":"post","link":"https:\/\/www.granadablogs.com\/juezcalatayud\/2024\/04\/feliz-dia-del-libro-gracias-por-leer-y-si-leeis-nuestros-libros-dobles-gracias\/","title":{"rendered":"Feliz D\u00eda del Libro, gracias por leer y si le\u00e9is nuestros libros, dobles gracias"},"content":{"rendered":"<p>Hola, soy Carlos Mor\u00e1n, el compa\u00f1ero de blog y &#8216;negro&#8217; de don Emilio. Queremos desearos un feliz D\u00eda de Libro (y de San Jordi y San Jorge). Gracias por leer y si le\u00e9is nuestros libros, dobles gracias.<\/p>\n<p>Dice el juez que los libros te pueden salir como los hijos: buenos, regulares y malos. Los nuestros, modestia aparte, nos han salido buenos. &#8216;Mis sentencias ejemplares&#8217; (la Esfera de los Libros) ya es un adolescente, tiene 16 a\u00f1os. Y Buenas, soy Emilio Calatayud&#8230;&#8217; (Planeta\/Alienta), diez. Y se siguen vendiendo. Gracias de nuevo. No nos hemos hecho millonarios, pero s\u00ed felices.<\/p>\n<p>Nada, que si no sab\u00e9is qu\u00e9 regalar ah\u00ed ten\u00e9is un par de sugerencias, como siempre, desinteresadas, ja, ja, ja.<\/p>\n<p>&nbsp;<\/p>\n<p>Si quer\u00e9is suscribiros al blog de don Emilio lo pod\u00e9is hacer en la direcci\u00f3n que va ah\u00ed abajo y sus comentarios os llegar\u00e1n directamente, sin que la red social intermedie.<\/p>\n<p><a href=\"https:\/\/www.granadablogs.com\/juezcalatayud\/2024\/03\/hay-chavales-que-solo-se-quieren-a-si-mismos-y-otros-que-no-se-quieren-nada-y-buscan-el-carino-en-las-redes\/?fbclid=IwAR2wwxCEIsrYcv2cQs0G6B8JQUHbFsVNU97_BWfeQFQM2IK0O95XwCD6Ro8#suscribete\">Haz clic aqu\u00ed y rellena el campo con tu email<\/a><\/p>\n","protected":false},"excerpt":{"rendered":"<p>Hola, soy Carlos Mor\u00e1n, el compa\u00f1ero de blog y &#8216;negro&#8217; de don Emilio. Queremos desearos un feliz D\u00eda de Libro (y de San Jordi y San Jorge). Gracias por leer y si le\u00e9is nuestros libros, dobles gracias. Dice el juez que los libros te pueden salir como los hijos: buenos, regulares y malos. Los nuestros, [&hellip;]<\/p>\n","protected":false},"author":3,"featured_media":2951,"comment_status":"open","ping_status":"open","sticky":false,"template":"","format":"standard","meta":{"jetpack_post_was_ever_published":false,"_jetpack_newsletter_access":"","_jetpack_dont_email_post_to_subs":false,"_jetpack_newsletter_tier_id":0,"_jetpack_memberships_contains_paywalled_content":false,"_jetpack_memberships_contains_paid_content":false,"footnotes":""},"categories":[],"tags":[938,624,189,109],"class_list":["post-19441","post","type-post","status-publish","format-standard","has-post-thumbnail","hentry","tag-del","tag-dia","tag-hijos","tag-libro"],"jetpack_featured_media_url":"https:\/\/www.granadablogs.com\/juezcalatayud\/wp-content\/uploads\/2014\/01\/Portada-libro.jpg","jetpack_shortlink":"https:\/\/wp.me\/p5fzW5-53z","jetpack-related-posts":[],"jetpack_sharing_enabled":true,"_links":{"self":[{"href":"https:\/\/www.granadablogs.com\/juezcalatayud\/wp-json\/wp\/v2\/posts\/19441","targetHints":{"allow":["GET"]}}],"collection":[{"href":"https:\/\/www.granadablogs.com\/juezcalatayud\/wp-json\/wp\/v2\/posts"}],"about":[{"href":"https:\/\/www.granadablogs.com\/juezcalatayud\/wp-json\/wp\/v2\/types\/post"}],"author":[{"embeddable":true,"href":"https:\/\/www.granadablogs.com\/juezcalatayud\/wp-json\/wp\/v2\/users\/3"}],"replies":[{"embeddable":true,"href":"https:\/\/www.granadablogs.com\/juezcalatayud\/wp-json\/wp\/v2\/comments?post=19441"}],"version-history":[{"count":2,"href":"https:\/\/www.granadablogs.com\/juezcalatayud\/wp-json\/wp\/v2\/posts\/19441\/revisions"}],"predecessor-version":[{"id":19445,"href":"https:\/\/www.granadablogs.com\/juezcalatayud\/wp-json\/wp\/v2\/posts\/19441\/revisions\/19445"}],"wp:featuredmedia":[{"embeddable":true,"href":"https:\/\/www.granadablogs.com\/juezcalatayud\/wp-json\/wp\/v2\/media\/2951"}],"wp:attachment":[{"href":"https:\/\/www.granadablogs.com\/juezcalatayud\/wp-json\/wp\/v2\/media?parent=19441"}],"wp:term":[{"taxonomy":"category","embeddable":true,"href":"https:\/\/www.granadablogs.com\/juezcalatayud\/wp-json\/wp\/v2\/categories?post=19441"},{"taxonomy":"post_tag","embeddable":true,"href":"https:\/\/www.granadablogs.com\/juezcalatayud\/wp-json\/wp\/v2\/tags?post=19441"}],"curies":[{"name":"wp","href":"https:\/\/api.w.org\/{rel}","templated":true}]}}