{"id":1944,"date":"2012-07-27T13:48:29","date_gmt":"2012-07-27T12:48:29","guid":{"rendered":"http:\/\/www.granadablogs.com\/juezcalatayud\/?p=1944"},"modified":"2012-07-27T13:48:29","modified_gmt":"2012-07-27T12:48:29","slug":"la-pobreza-tiene-hoy-cara-de-nino","status":"publish","type":"post","link":"https:\/\/www.granadablogs.com\/juezcalatayud\/2012\/07\/la-pobreza-tiene-hoy-cara-de-nino\/","title":{"rendered":"\u00abLa pobreza tiene hoy cara de ni\u00f1o\u00bb"},"content":{"rendered":"<p>Jos\u00e9 Chamizo, Defensor del Pueblo, tambi\u00e9n estuvo en el curso sobre Menores que organiz\u00f3 la Universidad de Almer\u00eda y que coordin\u00f3 don Emilio. La informaci\u00f3n es de ideal.es edici\u00f3n Almer\u00eda.  Esto fue lo que dijo: \u00abEl Defensor del Pueblo Andaluz, Jos\u00e9 Chamizo, ha afirmado que \u00abla pobreza tiene hoy cara de ni\u00f1o\u00bb. En este sentido, Chamizo lament\u00f3 que uno de los principales problemas sea el \u00absilencio administrativo\u00bb y denunci\u00f3 que las ayudas p\u00fablicas \u00abson escasas y las de emergencia brillan por su ausencia\u00bb, criticando adem\u00e1s que las distintas administraciones est\u00e1n dejando de actuar con medidas preventivas. Tambi\u00e9n record\u00f3 que todos los partidos firmaron junto a Unicef el Pacto por la Infancia, \u00abun compromiso que tienen que cumplir\u00bb.<br \/>\nChamizo hizo hincapi\u00e9 en que no se trata de un problema exclusivo de las clases marginadas, advirtiendo que existe otra clase de menores que est\u00e1n m\u00e1s indefensos ante los peligros porque nadie se ocupa de su cuidado. As\u00ed, seg\u00fan sus palabras, \u00abhay ni\u00f1os en clases altas o muy altas que est\u00e1n totalmente desatendidos y abandonados, y nadie sabe c\u00f3mo trabajar para ellos\u00bb. Por otro lado, alert\u00f3 del incremento de la violencia en el \u00e1mbito familiar y del aumento de los problemas derivados del exceso de consumo de alcohol y drogas en los parados de alta duraci\u00f3n, concluyendo que todos estos factores han generado aumento de los casos de menores con depresi\u00f3n\u00bb.<\/p>\n","protected":false},"excerpt":{"rendered":"<p>Jos\u00e9 Chamizo, Defensor del Pueblo, tambi\u00e9n estuvo en el curso sobre Menores que organiz\u00f3 la Universidad de Almer\u00eda y que coordin\u00f3 don Emilio. La informaci\u00f3n es de ideal.es edici\u00f3n Almer\u00eda. Esto fue lo que dijo: \u00abEl Defensor del Pueblo Andaluz, Jos\u00e9 Chamizo, ha afirmado que \u00abla pobreza tiene hoy cara de ni\u00f1o\u00bb. En este sentido, [&hellip;]<\/p>\n","protected":false},"author":3,"featured_media":0,"comment_status":"open","ping_status":"open","sticky":false,"template":"","format":"standard","meta":{"jetpack_post_was_ever_published":false,"_jetpack_newsletter_access":"","_jetpack_dont_email_post_to_subs":false,"_jetpack_newsletter_tier_id":0,"_jetpack_memberships_contains_paywalled_content":false,"_jetpack_memberships_contains_paid_content":false,"footnotes":""},"categories":[1],"tags":[41,407],"class_list":["post-1944","post","type-post","status-publish","format-standard","hentry","category-blog","tag-ninos","tag-pobreza"],"jetpack_featured_media_url":"","jetpack_shortlink":"https:\/\/wp.me\/p5fzW5-vm","jetpack-related-posts":[],"jetpack_sharing_enabled":true,"_links":{"self":[{"href":"https:\/\/www.granadablogs.com\/juezcalatayud\/wp-json\/wp\/v2\/posts\/1944","targetHints":{"allow":["GET"]}}],"collection":[{"href":"https:\/\/www.granadablogs.com\/juezcalatayud\/wp-json\/wp\/v2\/posts"}],"about":[{"href":"https:\/\/www.granadablogs.com\/juezcalatayud\/wp-json\/wp\/v2\/types\/post"}],"author":[{"embeddable":true,"href":"https:\/\/www.granadablogs.com\/juezcalatayud\/wp-json\/wp\/v2\/users\/3"}],"replies":[{"embeddable":true,"href":"https:\/\/www.granadablogs.com\/juezcalatayud\/wp-json\/wp\/v2\/comments?post=1944"}],"version-history":[{"count":2,"href":"https:\/\/www.granadablogs.com\/juezcalatayud\/wp-json\/wp\/v2\/posts\/1944\/revisions"}],"predecessor-version":[{"id":1956,"href":"https:\/\/www.granadablogs.com\/juezcalatayud\/wp-json\/wp\/v2\/posts\/1944\/revisions\/1956"}],"wp:attachment":[{"href":"https:\/\/www.granadablogs.com\/juezcalatayud\/wp-json\/wp\/v2\/media?parent=1944"}],"wp:term":[{"taxonomy":"category","embeddable":true,"href":"https:\/\/www.granadablogs.com\/juezcalatayud\/wp-json\/wp\/v2\/categories?post=1944"},{"taxonomy":"post_tag","embeddable":true,"href":"https:\/\/www.granadablogs.com\/juezcalatayud\/wp-json\/wp\/v2\/tags?post=1944"}],"curies":[{"name":"wp","href":"https:\/\/api.w.org\/{rel}","templated":true}]}}