{"id":19438,"date":"2024-04-22T20:02:18","date_gmt":"2024-04-22T18:02:18","guid":{"rendered":"https:\/\/www.granadablogs.com\/juezcalatayud\/?p=19438"},"modified":"2024-04-22T20:02:18","modified_gmt":"2024-04-22T18:02:18","slug":"como-juez-de-menores-soy-mas-de-personas-que-de-papeles-detras-de-los-papeles-hay-personas","status":"publish","type":"post","link":"https:\/\/www.granadablogs.com\/juezcalatayud\/2024\/04\/como-juez-de-menores-soy-mas-de-personas-que-de-papeles-detras-de-los-papeles-hay-personas\/","title":{"rendered":"Como juez de Menores, soy m\u00e1s de personas que de papeles, detr\u00e1s de los papeles hay personas"},"content":{"rendered":"<p>Buenas, soy Emilio Calatayud. Hace ya mucho tiempo, nos dijeron que los juzgados iban hacia el papel cero. No digo yo que no se llegar\u00e1 alg\u00fan d\u00eda, pero, de momento, los juzgados siguen llenos de arriba a abajo de papeles. Como juez de Menores, soy m\u00e1s de personas que de papeles. Aprendo escuchando y viendo a los acusados y las v\u00edctimas m\u00e1s que lo que pueden ense\u00f1arme mil documentos. Detr\u00e1s de los papeles hay personas.<\/p>\n","protected":false},"excerpt":{"rendered":"<p>Buenas, soy Emilio Calatayud. Hace ya mucho tiempo, nos dijeron que los juzgados iban hacia el papel cero. No digo yo que no se llegar\u00e1 alg\u00fan d\u00eda, pero, de momento, los juzgados siguen llenos de arriba a abajo de papeles. Como juez de Menores, soy m\u00e1s de personas que de papeles. Aprendo escuchando y viendo [&hellip;]<\/p>\n","protected":false},"author":1,"featured_media":13905,"comment_status":"open","ping_status":"open","sticky":false,"template":"","format":"standard","meta":{"jetpack_post_was_ever_published":false,"_jetpack_newsletter_access":"","_jetpack_dont_email_post_to_subs":false,"_jetpack_newsletter_tier_id":0,"_jetpack_memberships_contains_paywalled_content":false,"_jetpack_memberships_contains_paid_content":false,"footnotes":""},"categories":[],"tags":[522,3703,2043],"class_list":["post-19438","post","type-post","status-publish","format-standard","has-post-thumbnail","hentry","tag-juez","tag-papeles","tag-personas"],"jetpack_featured_media_url":"https:\/\/www.granadablogs.com\/juezcalatayud\/wp-content\/uploads\/2020\/11\/Parque-emilio.jpg","jetpack_shortlink":"https:\/\/wp.me\/p5fzW5-53w","jetpack-related-posts":[],"jetpack_sharing_enabled":true,"_links":{"self":[{"href":"https:\/\/www.granadablogs.com\/juezcalatayud\/wp-json\/wp\/v2\/posts\/19438","targetHints":{"allow":["GET"]}}],"collection":[{"href":"https:\/\/www.granadablogs.com\/juezcalatayud\/wp-json\/wp\/v2\/posts"}],"about":[{"href":"https:\/\/www.granadablogs.com\/juezcalatayud\/wp-json\/wp\/v2\/types\/post"}],"author":[{"embeddable":true,"href":"https:\/\/www.granadablogs.com\/juezcalatayud\/wp-json\/wp\/v2\/users\/1"}],"replies":[{"embeddable":true,"href":"https:\/\/www.granadablogs.com\/juezcalatayud\/wp-json\/wp\/v2\/comments?post=19438"}],"version-history":[{"count":1,"href":"https:\/\/www.granadablogs.com\/juezcalatayud\/wp-json\/wp\/v2\/posts\/19438\/revisions"}],"predecessor-version":[{"id":19439,"href":"https:\/\/www.granadablogs.com\/juezcalatayud\/wp-json\/wp\/v2\/posts\/19438\/revisions\/19439"}],"wp:featuredmedia":[{"embeddable":true,"href":"https:\/\/www.granadablogs.com\/juezcalatayud\/wp-json\/wp\/v2\/media\/13905"}],"wp:attachment":[{"href":"https:\/\/www.granadablogs.com\/juezcalatayud\/wp-json\/wp\/v2\/media?parent=19438"}],"wp:term":[{"taxonomy":"category","embeddable":true,"href":"https:\/\/www.granadablogs.com\/juezcalatayud\/wp-json\/wp\/v2\/categories?post=19438"},{"taxonomy":"post_tag","embeddable":true,"href":"https:\/\/www.granadablogs.com\/juezcalatayud\/wp-json\/wp\/v2\/tags?post=19438"}],"curies":[{"name":"wp","href":"https:\/\/api.w.org\/{rel}","templated":true}]}}