{"id":1938,"date":"2012-07-17T00:19:13","date_gmt":"2012-07-16T23:19:13","guid":{"rendered":"http:\/\/www.granadablogs.com\/juezcalatayud\/?p=1938"},"modified":"2012-07-17T00:19:13","modified_gmt":"2012-07-16T23:19:13","slug":"el-defensor-andaluz-pide-que-los-abogados-de-los-traficantes-de-drogas-puedan-ser-controlados-como-los-de-los-terroristas","status":"publish","type":"post","link":"https:\/\/www.granadablogs.com\/juezcalatayud\/2012\/07\/el-defensor-andaluz-pide-que-los-abogados-de-los-traficantes-de-drogas-puedan-ser-controlados-como-los-de-los-terroristas\/","title":{"rendered":"El Defensor andaluz pide que los abogados de los traficantes de drogas puedan ser controlados como los de los terroristas"},"content":{"rendered":"<p>Ayer publicamos en IDEAL de papel un reportaje sobre la &#8216;epidemia&#8217; de marihuana que afecta a los menores granadinos y andaluces, un tema del que ya hab\u00edamos hablado en este mismo blog. La &#8216;mar\u00eda&#8217; no tiene mala imagen -incluso hay padres a los que les hace gracia que sus hijos la consuman-, existe una tolerancia social hacia esa droga, pero est\u00e1 causando muchos problemas. Un dato: el porcentaje de menores atendidos por su adicci\u00f3n al cannabis ha pasado del 45% al 85% en Andaluc\u00eda.  En el reportaje, Jos\u00e9 Chamizo, Defensor del Pueblo Andaluz y una de esas personas a las que siempre merece la pena escuchar, apuesta por informar para prevenir&#8230;, pero tambi\u00e9n lanza una idea que puede ser pol\u00e9mica: reclama un mayor control para los abogados de los &#8216;narcos&#8217; para que no se conviertan en una parte m\u00e1s del engranaje del tr\u00e1fico de drogas. El Constitucional solo permite ese mayor control cuando se trata de defensores de terroristas: Chamizo quiere que se ampl\u00ede a los letrados de los traficantes, \u00bfqu\u00e9 os parece? <\/p>\n","protected":false},"excerpt":{"rendered":"<p>Ayer publicamos en IDEAL de papel un reportaje sobre la &#8216;epidemia&#8217; de marihuana que afecta a los menores granadinos y andaluces, un tema del que ya hab\u00edamos hablado en este mismo blog. La &#8216;mar\u00eda&#8217; no tiene mala imagen -incluso hay padres a los que les hace gracia que sus hijos la consuman-, existe una tolerancia [&hellip;]<\/p>\n","protected":false},"author":3,"featured_media":0,"comment_status":"open","ping_status":"open","sticky":false,"template":"","format":"standard","meta":{"jetpack_post_was_ever_published":false,"_jetpack_newsletter_access":"","_jetpack_dont_email_post_to_subs":false,"_jetpack_newsletter_tier_id":0,"_jetpack_memberships_contains_paywalled_content":false,"_jetpack_memberships_contains_paid_content":false,"footnotes":""},"categories":[1],"tags":[448,447],"class_list":["post-1938","post","type-post","status-publish","format-standard","hentry","category-blog","tag-abogados","tag-cannabis"],"jetpack_featured_media_url":"","jetpack_shortlink":"https:\/\/wp.me\/p5fzW5-vg","jetpack-related-posts":[],"jetpack_sharing_enabled":true,"_links":{"self":[{"href":"https:\/\/www.granadablogs.com\/juezcalatayud\/wp-json\/wp\/v2\/posts\/1938","targetHints":{"allow":["GET"]}}],"collection":[{"href":"https:\/\/www.granadablogs.com\/juezcalatayud\/wp-json\/wp\/v2\/posts"}],"about":[{"href":"https:\/\/www.granadablogs.com\/juezcalatayud\/wp-json\/wp\/v2\/types\/post"}],"author":[{"embeddable":true,"href":"https:\/\/www.granadablogs.com\/juezcalatayud\/wp-json\/wp\/v2\/users\/3"}],"replies":[{"embeddable":true,"href":"https:\/\/www.granadablogs.com\/juezcalatayud\/wp-json\/wp\/v2\/comments?post=1938"}],"version-history":[{"count":1,"href":"https:\/\/www.granadablogs.com\/juezcalatayud\/wp-json\/wp\/v2\/posts\/1938\/revisions"}],"predecessor-version":[{"id":1939,"href":"https:\/\/www.granadablogs.com\/juezcalatayud\/wp-json\/wp\/v2\/posts\/1938\/revisions\/1939"}],"wp:attachment":[{"href":"https:\/\/www.granadablogs.com\/juezcalatayud\/wp-json\/wp\/v2\/media?parent=1938"}],"wp:term":[{"taxonomy":"category","embeddable":true,"href":"https:\/\/www.granadablogs.com\/juezcalatayud\/wp-json\/wp\/v2\/categories?post=1938"},{"taxonomy":"post_tag","embeddable":true,"href":"https:\/\/www.granadablogs.com\/juezcalatayud\/wp-json\/wp\/v2\/tags?post=1938"}],"curies":[{"name":"wp","href":"https:\/\/api.w.org\/{rel}","templated":true}]}}