{"id":19376,"date":"2024-04-09T20:13:27","date_gmt":"2024-04-09T18:13:27","guid":{"rendered":"https:\/\/www.granadablogs.com\/juezcalatayud\/?p=19376"},"modified":"2024-04-09T20:13:27","modified_gmt":"2024-04-09T18:13:27","slug":"una-mas-lo-que-no-puede-ser-es-que-los-abuelos-seamos-los-padres-de-nuestros-nietos","status":"publish","type":"post","link":"https:\/\/www.granadablogs.com\/juezcalatayud\/2024\/04\/una-mas-lo-que-no-puede-ser-es-que-los-abuelos-seamos-los-padres-de-nuestros-nietos\/","title":{"rendered":"Una m\u00e1s, lo que no puede ser es que los abuelos seamos los padres de nuestros nietos"},"content":{"rendered":"<p>Buenas, soy Emilio Calatayud. Una m\u00e1s sobre las relaciones entre abuelos, hijos y nietos, que es un tema &#8216;bonico&#8217; como se dice en &#8216;Gran\u00e1&#8217;. Veamos, los padres no deben ser amigos de sus hijos, pero los abuelos s\u00ed pueden ser amigos de sus nietos. Lo que no puede ser es que los abuelos seamos los padres de nuestros nietos, que es algo que suele ocurrir y no es correcto. Zapatero a tus zapatos.<\/p>\n<p>Si quer\u00e9is suscribiros al blog de don Emilio lo pod\u00e9is hacer en la direcci\u00f3n que va ah\u00ed abajo y sus comentarios os llegar\u00e1n directamente, sin que la red social intermedie.<\/p>\n<p><a href=\"https:\/\/www.granadablogs.com\/juezcalatayud\/2024\/03\/hay-chavales-que-solo-se-quieren-a-si-mismos-y-otros-que-no-se-quieren-nada-y-buscan-el-carino-en-las-redes\/?fbclid=IwAR2wwxCEIsrYcv2cQs0G6B8JQUHbFsVNU97_BWfeQFQM2IK0O95XwCD6Ro8#suscribete\">Haz clic aqu\u00ed y rellena el campo con tu email<\/a><\/p>\n","protected":false},"excerpt":{"rendered":"<p>Buenas, soy Emilio Calatayud. Una m\u00e1s sobre las relaciones entre abuelos, hijos y nietos, que es un tema &#8216;bonico&#8217; como se dice en &#8216;Gran\u00e1&#8217;. Veamos, los padres no deben ser amigos de sus hijos, pero los abuelos s\u00ed pueden ser amigos de sus nietos. Lo que no puede ser es que los abuelos seamos los [&hellip;]<\/p>\n","protected":false},"author":1,"featured_media":13234,"comment_status":"open","ping_status":"open","sticky":false,"template":"","format":"standard","meta":{"jetpack_post_was_ever_published":false,"_jetpack_newsletter_access":"","_jetpack_dont_email_post_to_subs":false,"_jetpack_newsletter_tier_id":0,"_jetpack_memberships_contains_paywalled_content":false,"_jetpack_memberships_contains_paid_content":false,"footnotes":""},"categories":[],"tags":[1018,189,1019],"class_list":["post-19376","post","type-post","status-publish","format-standard","has-post-thumbnail","hentry","tag-abuelos","tag-hijos","tag-nietos"],"jetpack_featured_media_url":"https:\/\/www.granadablogs.com\/juezcalatayud\/wp-content\/uploads\/2020\/07\/Emil-nueva-tres-1.jpg","jetpack_shortlink":"https:\/\/wp.me\/p5fzW5-52w","jetpack-related-posts":[],"jetpack_sharing_enabled":true,"_links":{"self":[{"href":"https:\/\/www.granadablogs.com\/juezcalatayud\/wp-json\/wp\/v2\/posts\/19376","targetHints":{"allow":["GET"]}}],"collection":[{"href":"https:\/\/www.granadablogs.com\/juezcalatayud\/wp-json\/wp\/v2\/posts"}],"about":[{"href":"https:\/\/www.granadablogs.com\/juezcalatayud\/wp-json\/wp\/v2\/types\/post"}],"author":[{"embeddable":true,"href":"https:\/\/www.granadablogs.com\/juezcalatayud\/wp-json\/wp\/v2\/users\/1"}],"replies":[{"embeddable":true,"href":"https:\/\/www.granadablogs.com\/juezcalatayud\/wp-json\/wp\/v2\/comments?post=19376"}],"version-history":[{"count":2,"href":"https:\/\/www.granadablogs.com\/juezcalatayud\/wp-json\/wp\/v2\/posts\/19376\/revisions"}],"predecessor-version":[{"id":19378,"href":"https:\/\/www.granadablogs.com\/juezcalatayud\/wp-json\/wp\/v2\/posts\/19376\/revisions\/19378"}],"wp:featuredmedia":[{"embeddable":true,"href":"https:\/\/www.granadablogs.com\/juezcalatayud\/wp-json\/wp\/v2\/media\/13234"}],"wp:attachment":[{"href":"https:\/\/www.granadablogs.com\/juezcalatayud\/wp-json\/wp\/v2\/media?parent=19376"}],"wp:term":[{"taxonomy":"category","embeddable":true,"href":"https:\/\/www.granadablogs.com\/juezcalatayud\/wp-json\/wp\/v2\/categories?post=19376"},{"taxonomy":"post_tag","embeddable":true,"href":"https:\/\/www.granadablogs.com\/juezcalatayud\/wp-json\/wp\/v2\/tags?post=19376"}],"curies":[{"name":"wp","href":"https:\/\/api.w.org\/{rel}","templated":true}]}}