{"id":19374,"date":"2024-04-08T20:04:38","date_gmt":"2024-04-08T18:04:38","guid":{"rendered":"https:\/\/www.granadablogs.com\/juezcalatayud\/?p=19374"},"modified":"2024-04-08T20:04:38","modified_gmt":"2024-04-08T18:04:38","slug":"los-padres-no-deben-ser-amigos-de-sus-hijos-pero-los-abuelos-si-pueden-ser-amigos-de-sus-nietos-y-malcriarlos","status":"publish","type":"post","link":"https:\/\/www.granadablogs.com\/juezcalatayud\/2024\/04\/los-padres-no-deben-ser-amigos-de-sus-hijos-pero-los-abuelos-si-pueden-ser-amigos-de-sus-nietos-y-malcriarlos\/","title":{"rendered":"Los padres no deben ser amigos de sus hijos, pero los abuelos s\u00ed pueden ser amigos de sus nietos y malcriarlos"},"content":{"rendered":"<p>Buenas, soy Emilio Calatayud. El comentario de ayer ha suscitado una cierta pol\u00e9mica, que siempre es sana, por cierto. Yo siempre digo que los padres no deben ser amigos de sus hijos porque entonces los ni\u00f1os se quedar\u00edan hu\u00e9rfanos. Y lo mantengo. Pero a la vez tambi\u00e9n mantengo que los abuelos s\u00ed pueden ser amigos de sus nietos. Es m\u00e1s, creo que los abuelos tienen el deber de malcriar a sus nietos, que nosotros, yo tambi\u00e9n soy abuelo, ya hicimos nuestro trabajo de educar cuando nos toc\u00f3.<\/p>\n","protected":false},"excerpt":{"rendered":"<p>Buenas, soy Emilio Calatayud. El comentario de ayer ha suscitado una cierta pol\u00e9mica, que siempre es sana, por cierto. Yo siempre digo que los padres no deben ser amigos de sus hijos porque entonces los ni\u00f1os se quedar\u00edan hu\u00e9rfanos. Y lo mantengo. Pero a la vez tambi\u00e9n mantengo que los abuelos s\u00ed pueden ser amigos [&hellip;]<\/p>\n","protected":false},"author":1,"featured_media":18975,"comment_status":"open","ping_status":"open","sticky":false,"template":"","format":"standard","meta":{"jetpack_post_was_ever_published":false,"_jetpack_newsletter_access":"","_jetpack_dont_email_post_to_subs":false,"_jetpack_newsletter_tier_id":0,"_jetpack_memberships_contains_paywalled_content":false,"_jetpack_memberships_contains_paid_content":false,"footnotes":""},"categories":[],"tags":[1018,1019],"class_list":["post-19374","post","type-post","status-publish","format-standard","has-post-thumbnail","hentry","tag-abuelos","tag-nietos"],"jetpack_featured_media_url":"https:\/\/www.granadablogs.com\/juezcalatayud\/wp-content\/uploads\/2024\/01\/Emilio-scaled.jpg","jetpack_shortlink":"https:\/\/wp.me\/p5fzW5-52u","jetpack-related-posts":[],"jetpack_sharing_enabled":true,"_links":{"self":[{"href":"https:\/\/www.granadablogs.com\/juezcalatayud\/wp-json\/wp\/v2\/posts\/19374","targetHints":{"allow":["GET"]}}],"collection":[{"href":"https:\/\/www.granadablogs.com\/juezcalatayud\/wp-json\/wp\/v2\/posts"}],"about":[{"href":"https:\/\/www.granadablogs.com\/juezcalatayud\/wp-json\/wp\/v2\/types\/post"}],"author":[{"embeddable":true,"href":"https:\/\/www.granadablogs.com\/juezcalatayud\/wp-json\/wp\/v2\/users\/1"}],"replies":[{"embeddable":true,"href":"https:\/\/www.granadablogs.com\/juezcalatayud\/wp-json\/wp\/v2\/comments?post=19374"}],"version-history":[{"count":1,"href":"https:\/\/www.granadablogs.com\/juezcalatayud\/wp-json\/wp\/v2\/posts\/19374\/revisions"}],"predecessor-version":[{"id":19375,"href":"https:\/\/www.granadablogs.com\/juezcalatayud\/wp-json\/wp\/v2\/posts\/19374\/revisions\/19375"}],"wp:featuredmedia":[{"embeddable":true,"href":"https:\/\/www.granadablogs.com\/juezcalatayud\/wp-json\/wp\/v2\/media\/18975"}],"wp:attachment":[{"href":"https:\/\/www.granadablogs.com\/juezcalatayud\/wp-json\/wp\/v2\/media?parent=19374"}],"wp:term":[{"taxonomy":"category","embeddable":true,"href":"https:\/\/www.granadablogs.com\/juezcalatayud\/wp-json\/wp\/v2\/categories?post=19374"},{"taxonomy":"post_tag","embeddable":true,"href":"https:\/\/www.granadablogs.com\/juezcalatayud\/wp-json\/wp\/v2\/tags?post=19374"}],"curies":[{"name":"wp","href":"https:\/\/api.w.org\/{rel}","templated":true}]}}