{"id":19362,"date":"2024-04-05T19:59:49","date_gmt":"2024-04-05T17:59:49","guid":{"rendered":"https:\/\/www.granadablogs.com\/juezcalatayud\/?p=19362"},"modified":"2024-04-05T19:59:49","modified_gmt":"2024-04-05T17:59:49","slug":"pregunto-a-un-nino-que-quieres-ser-de-mayor-y-me-responde-jubilado-como-yo-anadi-yo","status":"publish","type":"post","link":"https:\/\/www.granadablogs.com\/juezcalatayud\/2024\/04\/pregunto-a-un-nino-que-quieres-ser-de-mayor-y-me-responde-jubilado-como-yo-anadi-yo\/","title":{"rendered":"Pregunto a un ni\u00f1o \u00ab\u00bfqu\u00e9 quieres ser de mayor?\u00bb y me responde: \u00abjubilado\u00bb; \u00abcomo yo\u00bb, a\u00f1ad\u00ed yo"},"content":{"rendered":"<p>Buenas, soy Emilio Calatayud. El otro d\u00eda le solt\u00e9 a un ni\u00f1o esa t\u00edpica pregunta que hacemos los adultos cuando no sabemos muy bien qu\u00e9 decir: \u00ab\u00bfqu\u00e9 quieres ser de mayor?\u00bb. Y el peque\u00f1o, tras mirarme con cara extra\u00f1ada, me respondi\u00f3 muy serio: \u00abjubilado\u00bb. \u00abAnda, como yo\u00bb, a\u00f1ad\u00ed yo.<\/p>\n<p>Le dese\u00e9 que cuando le llegue la edad haya pensiones y nos hicimos amigos, ja, ja, ja.<\/p>\n<p>&nbsp;<\/p>\n<p>Si quer\u00e9is suscribiros al blog de don Emilio lo pod\u00e9is hacer en la direcci\u00f3n que va ah\u00ed abajo y sus comentarios os llegar\u00e1n directamente, sin que la red social intermedie.<\/p>\n<p><a href=\"https:\/\/www.granadablogs.com\/juezcalatayud\/2024\/03\/hay-chavales-que-solo-se-quieren-a-si-mismos-y-otros-que-no-se-quieren-nada-y-buscan-el-carino-en-las-redes\/?fbclid=IwAR2wwxCEIsrYcv2cQs0G6B8JQUHbFsVNU97_BWfeQFQM2IK0O95XwCD6Ro8#suscribete\">Haz clic aqu\u00ed y rellena el campo con tu email<\/a><\/p>\n","protected":false},"excerpt":{"rendered":"<p>Buenas, soy Emilio Calatayud. El otro d\u00eda le solt\u00e9 a un ni\u00f1o esa t\u00edpica pregunta que hacemos los adultos cuando no sabemos muy bien qu\u00e9 decir: \u00ab\u00bfqu\u00e9 quieres ser de mayor?\u00bb. Y el peque\u00f1o, tras mirarme con cara extra\u00f1ada, me respondi\u00f3 muy serio: \u00abjubilado\u00bb. \u00abAnda, como yo\u00bb, a\u00f1ad\u00ed yo. Le dese\u00e9 que cuando le llegue [&hellip;]<\/p>\n","protected":false},"author":1,"featured_media":8857,"comment_status":"open","ping_status":"open","sticky":false,"template":"","format":"standard","meta":{"jetpack_post_was_ever_published":false,"_jetpack_newsletter_access":"","_jetpack_dont_email_post_to_subs":false,"_jetpack_newsletter_tier_id":0,"_jetpack_memberships_contains_paywalled_content":false,"_jetpack_memberships_contains_paid_content":false,"footnotes":""},"categories":[],"tags":[3689,207],"class_list":["post-19362","post","type-post","status-publish","format-standard","has-post-thumbnail","hentry","tag-jubilado","tag-nino"],"jetpack_featured_media_url":"https:\/\/www.granadablogs.com\/juezcalatayud\/wp-content\/uploads\/2018\/07\/risa-2.jpg","jetpack_shortlink":"https:\/\/wp.me\/p5fzW5-52i","jetpack-related-posts":[],"jetpack_sharing_enabled":true,"_links":{"self":[{"href":"https:\/\/www.granadablogs.com\/juezcalatayud\/wp-json\/wp\/v2\/posts\/19362","targetHints":{"allow":["GET"]}}],"collection":[{"href":"https:\/\/www.granadablogs.com\/juezcalatayud\/wp-json\/wp\/v2\/posts"}],"about":[{"href":"https:\/\/www.granadablogs.com\/juezcalatayud\/wp-json\/wp\/v2\/types\/post"}],"author":[{"embeddable":true,"href":"https:\/\/www.granadablogs.com\/juezcalatayud\/wp-json\/wp\/v2\/users\/1"}],"replies":[{"embeddable":true,"href":"https:\/\/www.granadablogs.com\/juezcalatayud\/wp-json\/wp\/v2\/comments?post=19362"}],"version-history":[{"count":3,"href":"https:\/\/www.granadablogs.com\/juezcalatayud\/wp-json\/wp\/v2\/posts\/19362\/revisions"}],"predecessor-version":[{"id":19365,"href":"https:\/\/www.granadablogs.com\/juezcalatayud\/wp-json\/wp\/v2\/posts\/19362\/revisions\/19365"}],"wp:featuredmedia":[{"embeddable":true,"href":"https:\/\/www.granadablogs.com\/juezcalatayud\/wp-json\/wp\/v2\/media\/8857"}],"wp:attachment":[{"href":"https:\/\/www.granadablogs.com\/juezcalatayud\/wp-json\/wp\/v2\/media?parent=19362"}],"wp:term":[{"taxonomy":"category","embeddable":true,"href":"https:\/\/www.granadablogs.com\/juezcalatayud\/wp-json\/wp\/v2\/categories?post=19362"},{"taxonomy":"post_tag","embeddable":true,"href":"https:\/\/www.granadablogs.com\/juezcalatayud\/wp-json\/wp\/v2\/tags?post=19362"}],"curies":[{"name":"wp","href":"https:\/\/api.w.org\/{rel}","templated":true}]}}