{"id":1934,"date":"2012-07-13T00:01:20","date_gmt":"2012-07-12T23:01:20","guid":{"rendered":"http:\/\/www.granadablogs.com\/juezcalatayud\/?p=1934"},"modified":"2012-07-13T00:01:20","modified_gmt":"2012-07-12T23:01:20","slug":"%c2%bfpara-cuando-un-calendario-con-plazos-para-la-reduccion-de-coches-oficiales-subvenciones-etc","status":"publish","type":"post","link":"https:\/\/www.granadablogs.com\/juezcalatayud\/2012\/07\/%c2%bfpara-cuando-un-calendario-con-plazos-para-la-reduccion-de-coches-oficiales-subvenciones-etc\/","title":{"rendered":"\u00bfPara cu\u00e1ndo un calendario con plazos para la reducci\u00f3n de coches oficiales, subvenciones, etc?"},"content":{"rendered":"<p>Buenas, soy Emilio Calatayud. Bueno, ya tenemos un calendario para cumplir con Europa: fuera la extra de Navidad ya mismo, subida del IVA para ya tambi\u00e9n&#8230; En fin, ahora me gustar\u00eda que el Gobierno hiciera tambi\u00e9n un calendario para cumplir con la sociedad, con nosotros, con las personas. Por ejemplo, estar\u00eda bien que supi\u00e9ramos en qu\u00e9 plazos \u00a0se van a reducir los coches oficiales hasta que no quede ninguno. Tambi\u00e9n nos gustar\u00eda saber en qu\u00e9 plazos se van a reducir las subvenciones a partidos pol\u00edticos, sindicatos u organizaciones empresariales hasta que dejen de concederse&#8230; y, as\u00ed todo lo dem\u00e1s. Yo creo que eso ser\u00eda lo justo: nosotros nos sacrificamos, vale, pero a cambio de otros tambi\u00e9n hagan &#8216;sacrificios&#8217;. \u00a0Hay personas que tienen hijos con alguna discapacidad muy seria que, por los recortes, ya no pueden tenerlos en un centro especializado durante unas horas, lo que les permit\u00eda descansar y tener un respiro. Pero los coches oficiales no los suprimen. Eso no lo entiende nadie. Al menos, yo no.<\/p>\n","protected":false},"excerpt":{"rendered":"<p>Buenas, soy Emilio Calatayud. Bueno, ya tenemos un calendario para cumplir con Europa: fuera la extra de Navidad ya mismo, subida del IVA para ya tambi\u00e9n&#8230; En fin, ahora me gustar\u00eda que el Gobierno hiciera tambi\u00e9n un calendario para cumplir con la sociedad, con nosotros, con las personas. Por ejemplo, estar\u00eda bien que supi\u00e9ramos en [&hellip;]<\/p>\n","protected":false},"author":2,"featured_media":0,"comment_status":"open","ping_status":"open","sticky":false,"template":"","format":"standard","meta":{"jetpack_post_was_ever_published":false,"_jetpack_newsletter_access":"","_jetpack_dont_email_post_to_subs":false,"_jetpack_newsletter_tier_id":0,"_jetpack_memberships_contains_paywalled_content":false,"_jetpack_memberships_contains_paid_content":false,"footnotes":""},"categories":[1],"tags":[444,445],"class_list":["post-1934","post","type-post","status-publish","format-standard","hentry","category-blog","tag-coches","tag-oficiales"],"jetpack_featured_media_url":"","jetpack_shortlink":"https:\/\/wp.me\/p5fzW5-vc","jetpack-related-posts":[],"jetpack_sharing_enabled":true,"_links":{"self":[{"href":"https:\/\/www.granadablogs.com\/juezcalatayud\/wp-json\/wp\/v2\/posts\/1934","targetHints":{"allow":["GET"]}}],"collection":[{"href":"https:\/\/www.granadablogs.com\/juezcalatayud\/wp-json\/wp\/v2\/posts"}],"about":[{"href":"https:\/\/www.granadablogs.com\/juezcalatayud\/wp-json\/wp\/v2\/types\/post"}],"author":[{"embeddable":true,"href":"https:\/\/www.granadablogs.com\/juezcalatayud\/wp-json\/wp\/v2\/users\/2"}],"replies":[{"embeddable":true,"href":"https:\/\/www.granadablogs.com\/juezcalatayud\/wp-json\/wp\/v2\/comments?post=1934"}],"version-history":[{"count":1,"href":"https:\/\/www.granadablogs.com\/juezcalatayud\/wp-json\/wp\/v2\/posts\/1934\/revisions"}],"predecessor-version":[{"id":1935,"href":"https:\/\/www.granadablogs.com\/juezcalatayud\/wp-json\/wp\/v2\/posts\/1934\/revisions\/1935"}],"wp:attachment":[{"href":"https:\/\/www.granadablogs.com\/juezcalatayud\/wp-json\/wp\/v2\/media?parent=1934"}],"wp:term":[{"taxonomy":"category","embeddable":true,"href":"https:\/\/www.granadablogs.com\/juezcalatayud\/wp-json\/wp\/v2\/categories?post=1934"},{"taxonomy":"post_tag","embeddable":true,"href":"https:\/\/www.granadablogs.com\/juezcalatayud\/wp-json\/wp\/v2\/tags?post=1934"}],"curies":[{"name":"wp","href":"https:\/\/api.w.org\/{rel}","templated":true}]}}