{"id":19317,"date":"2024-03-27T21:16:35","date_gmt":"2024-03-27T19:16:35","guid":{"rendered":"https:\/\/www.granadablogs.com\/juezcalatayud\/?p=19317"},"modified":"2024-03-27T21:16:35","modified_gmt":"2024-03-27T19:16:35","slug":"me-dice-un-orientador-escolar-hay-padres-que-estan-mas-desorientados-que-sus-hijos","status":"publish","type":"post","link":"https:\/\/www.granadablogs.com\/juezcalatayud\/2024\/03\/me-dice-un-orientador-escolar-hay-padres-que-estan-mas-desorientados-que-sus-hijos\/","title":{"rendered":"Me dice un orientador escolar: \u00abHay padres que est\u00e1n m\u00e1s desorientados que sus hijos\u00bb"},"content":{"rendered":"<p>Buenas, soy Emilio Calatayud. Por mi oficio de juez de Menores y por mis v\u00ednculos familiares, he tenido la oportunidad de conocer a muchos profesionales de la educaci\u00f3n: se\u00f1os, maestros, profes, orientadores escolares&#8230; El otro d\u00eda, uno de estos \u00faltimos me hizo el siguiente comentario: \u00abHay padres que est\u00e1n m\u00e1s desorientados que sus hijos\u00bb. Me lo creo. \u00abBastante bien salen algunos chavales con los padres que tienen\u00bb, a\u00f1ad\u00ed yo.<\/p>\n<p>&nbsp;<\/p>\n<p>&nbsp;<\/p>\n<p>Si quer\u00e9is suscribiros al blog de don Emilio lo pod\u00e9is hacer en la direcci\u00f3n que va ah\u00ed abajo y sus comentarios os llegar\u00e1n directamente, sin que la red social intermedie.<\/p>\n<p><a href=\"https:\/\/www.granadablogs.com\/juezcalatayud\/2024\/03\/hay-chavales-que-solo-se-quieren-a-si-mismos-y-otros-que-no-se-quieren-nada-y-buscan-el-carino-en-las-redes\/?fbclid=IwAR2wwxCEIsrYcv2cQs0G6B8JQUHbFsVNU97_BWfeQFQM2IK0O95XwCD6Ro8#suscribete\">Haz clic aqu\u00ed y rellena el campo con tu email<\/a><\/p>\n","protected":false},"excerpt":{"rendered":"<p>Buenas, soy Emilio Calatayud. Por mi oficio de juez de Menores y por mis v\u00ednculos familiares, he tenido la oportunidad de conocer a muchos profesionales de la educaci\u00f3n: se\u00f1os, maestros, profes, orientadores escolares&#8230; El otro d\u00eda, uno de estos \u00faltimos me hizo el siguiente comentario: \u00abHay padres que est\u00e1n m\u00e1s desorientados que sus hijos\u00bb. Me [&hellip;]<\/p>\n","protected":false},"author":1,"featured_media":8015,"comment_status":"open","ping_status":"open","sticky":false,"template":"","format":"standard","meta":{"jetpack_post_was_ever_published":false,"_jetpack_newsletter_access":"","_jetpack_dont_email_post_to_subs":false,"_jetpack_newsletter_tier_id":0,"_jetpack_memberships_contains_paywalled_content":false,"_jetpack_memberships_contains_paid_content":false,"footnotes":""},"categories":[],"tags":[648,3680],"class_list":["post-19317","post","type-post","status-publish","format-standard","has-post-thumbnail","hentry","tag-escolar","tag-orientador"],"jetpack_featured_media_url":"https:\/\/www.granadablogs.com\/juezcalatayud\/wp-content\/uploads\/2018\/03\/juez-dos.jpg","jetpack_shortlink":"https:\/\/wp.me\/p5fzW5-51z","jetpack-related-posts":[],"jetpack_sharing_enabled":true,"_links":{"self":[{"href":"https:\/\/www.granadablogs.com\/juezcalatayud\/wp-json\/wp\/v2\/posts\/19317","targetHints":{"allow":["GET"]}}],"collection":[{"href":"https:\/\/www.granadablogs.com\/juezcalatayud\/wp-json\/wp\/v2\/posts"}],"about":[{"href":"https:\/\/www.granadablogs.com\/juezcalatayud\/wp-json\/wp\/v2\/types\/post"}],"author":[{"embeddable":true,"href":"https:\/\/www.granadablogs.com\/juezcalatayud\/wp-json\/wp\/v2\/users\/1"}],"replies":[{"embeddable":true,"href":"https:\/\/www.granadablogs.com\/juezcalatayud\/wp-json\/wp\/v2\/comments?post=19317"}],"version-history":[{"count":3,"href":"https:\/\/www.granadablogs.com\/juezcalatayud\/wp-json\/wp\/v2\/posts\/19317\/revisions"}],"predecessor-version":[{"id":19320,"href":"https:\/\/www.granadablogs.com\/juezcalatayud\/wp-json\/wp\/v2\/posts\/19317\/revisions\/19320"}],"wp:featuredmedia":[{"embeddable":true,"href":"https:\/\/www.granadablogs.com\/juezcalatayud\/wp-json\/wp\/v2\/media\/8015"}],"wp:attachment":[{"href":"https:\/\/www.granadablogs.com\/juezcalatayud\/wp-json\/wp\/v2\/media?parent=19317"}],"wp:term":[{"taxonomy":"category","embeddable":true,"href":"https:\/\/www.granadablogs.com\/juezcalatayud\/wp-json\/wp\/v2\/categories?post=19317"},{"taxonomy":"post_tag","embeddable":true,"href":"https:\/\/www.granadablogs.com\/juezcalatayud\/wp-json\/wp\/v2\/tags?post=19317"}],"curies":[{"name":"wp","href":"https:\/\/api.w.org\/{rel}","templated":true}]}}