{"id":19267,"date":"2024-03-17T20:59:01","date_gmt":"2024-03-17T18:59:01","guid":{"rendered":"https:\/\/www.granadablogs.com\/juezcalatayud\/?p=19267"},"modified":"2024-03-17T20:59:01","modified_gmt":"2024-03-17T18:59:01","slug":"hay-chavales-que-solo-se-quieren-a-si-mismos-y-otros-que-no-se-quieren-nada-y-buscan-el-carino-en-las-redes","status":"publish","type":"post","link":"https:\/\/www.granadablogs.com\/juezcalatayud\/2024\/03\/hay-chavales-que-solo-se-quieren-a-si-mismos-y-otros-que-no-se-quieren-nada-y-buscan-el-carino-en-las-redes\/","title":{"rendered":"Hay chavales que solo se quieren a s\u00ed mismos y otros que no se quieren nada y buscan el cari\u00f1o en las redes"},"content":{"rendered":"<p>Buenas, soy Emilio Calatayud. Hay chavales que solo se quieren a s\u00ed mismos, que est\u00e1n enamorados de s\u00ed mismos y solo tienen tiempo para admirarse. No se puede contar con ellos para nada. Creen que lo merecen todo sin dar nada cambio. Tambi\u00e9n les pasa a muchos adultos, pero aqu\u00ed hablamos de menores.<\/p>\n<p>Y luego est\u00e1n los chavales que no se quieren nada y que buscan el cari\u00f1o en las redes sociales. Son adictos a los &#8216;me gustas&#8217;, si les faltan se deprimen. Venden su intimidad para sentirse queridos.<\/p>\n<p>Tenemos trabajo por delante.<\/p>\n<p>&nbsp;<\/p>\n<p>&nbsp;<\/p>\n<p>Si quer\u00e9is suscribiros al blog de don Emilio lo pod\u00e9is hacer en la direcci\u00f3n que va ah\u00ed abajo y sus comentarios os llegar\u00e1n directamente, sin que la red social intermedie.<\/p>\n<p><a href=\"#suscribete\">Haz clic aqu\u00ed y rellena el campo con tu email<\/a><\/p>\n<p>&nbsp;<\/p>\n","protected":false},"excerpt":{"rendered":"<p>Buenas, soy Emilio Calatayud. Hay chavales que solo se quieren a s\u00ed mismos, que est\u00e1n enamorados de s\u00ed mismos y solo tienen tiempo para admirarse. No se puede contar con ellos para nada. Creen que lo merecen todo sin dar nada cambio. Tambi\u00e9n les pasa a muchos adultos, pero aqu\u00ed hablamos de menores. Y luego [&hellip;]<\/p>\n","protected":false},"author":1,"featured_media":13230,"comment_status":"open","ping_status":"open","sticky":false,"template":"","format":"standard","meta":{"jetpack_post_was_ever_published":false,"_jetpack_newsletter_access":"","_jetpack_dont_email_post_to_subs":false,"_jetpack_newsletter_tier_id":0,"_jetpack_memberships_contains_paywalled_content":false,"_jetpack_memberships_contains_paid_content":false,"footnotes":""},"categories":[],"tags":[1789,3673,3645],"class_list":["post-19267","post","type-post","status-publish","format-standard","has-post-thumbnail","hentry","tag-chavales","tag-de-si-mismos","tag-enamorados"],"jetpack_featured_media_url":"https:\/\/www.granadablogs.com\/juezcalatayud\/wp-content\/uploads\/2020\/07\/Emil-nueva-dos.jpg","jetpack_shortlink":"https:\/\/wp.me\/p5fzW5-50L","jetpack-related-posts":[],"jetpack_sharing_enabled":true,"_links":{"self":[{"href":"https:\/\/www.granadablogs.com\/juezcalatayud\/wp-json\/wp\/v2\/posts\/19267","targetHints":{"allow":["GET"]}}],"collection":[{"href":"https:\/\/www.granadablogs.com\/juezcalatayud\/wp-json\/wp\/v2\/posts"}],"about":[{"href":"https:\/\/www.granadablogs.com\/juezcalatayud\/wp-json\/wp\/v2\/types\/post"}],"author":[{"embeddable":true,"href":"https:\/\/www.granadablogs.com\/juezcalatayud\/wp-json\/wp\/v2\/users\/1"}],"replies":[{"embeddable":true,"href":"https:\/\/www.granadablogs.com\/juezcalatayud\/wp-json\/wp\/v2\/comments?post=19267"}],"version-history":[{"count":3,"href":"https:\/\/www.granadablogs.com\/juezcalatayud\/wp-json\/wp\/v2\/posts\/19267\/revisions"}],"predecessor-version":[{"id":19270,"href":"https:\/\/www.granadablogs.com\/juezcalatayud\/wp-json\/wp\/v2\/posts\/19267\/revisions\/19270"}],"wp:featuredmedia":[{"embeddable":true,"href":"https:\/\/www.granadablogs.com\/juezcalatayud\/wp-json\/wp\/v2\/media\/13230"}],"wp:attachment":[{"href":"https:\/\/www.granadablogs.com\/juezcalatayud\/wp-json\/wp\/v2\/media?parent=19267"}],"wp:term":[{"taxonomy":"category","embeddable":true,"href":"https:\/\/www.granadablogs.com\/juezcalatayud\/wp-json\/wp\/v2\/categories?post=19267"},{"taxonomy":"post_tag","embeddable":true,"href":"https:\/\/www.granadablogs.com\/juezcalatayud\/wp-json\/wp\/v2\/tags?post=19267"}],"curies":[{"name":"wp","href":"https:\/\/api.w.org\/{rel}","templated":true}]}}