{"id":19236,"date":"2024-03-15T21:03:19","date_gmt":"2024-03-15T19:03:19","guid":{"rendered":"https:\/\/www.granadablogs.com\/juezcalatayud\/?p=19236"},"modified":"2024-03-15T21:24:40","modified_gmt":"2024-03-15T19:24:40","slug":"la-cicatriz-francesa-otro-reto-de-tiktok-chavales-hacerse-dano-para-dar-espectaculo-es-de-gilipollas","status":"publish","type":"post","link":"https:\/\/www.granadablogs.com\/juezcalatayud\/2024\/03\/la-cicatriz-francesa-otro-reto-de-tiktok-chavales-hacerse-dano-para-dar-espectaculo-es-de-gilipollas\/","title":{"rendered":"La cicatriz francesa, otro reto de TikTok, chavales, hacerse da\u00f1o para dar espect\u00e1culo es de gilipollas"},"content":{"rendered":"<p>Buenas, soy Emilio Calatayud. La cicatriz francesa es otro de esos retos absurdos que se difunden por TikTok a toda velocidad. Consiste en pellizcarse las mejillas hasta que salgan moratones y luego ense\u00f1ar el resultado al universo. Chavales, hacerse da\u00f1o para dar espect\u00e1culo es de gilipollas, con perd\u00f3n, o de necios, sin perd\u00f3n. Con estas cosas hay quien est\u00e1 ganando millones.<\/p>\n<p>Sabemos que no ser\u00e1 la \u00faltima ocurrencia que llegue a trav\u00e9s de las redes sociales. De hecho, seguro que ya hay alguna nueva. As\u00ed nos va.<\/p>\n<p>Si quer\u00e9is suscribiros al blog de don Emilio lo pod\u00e9is hacer en la direcci\u00f3n que va ah\u00ed abajo y sus comentarios os llegar\u00e1n directamente, sin que la red social intermedie.<\/p>\n<p><a href=\"#suscribete\">Haz clic aqu\u00ed y rellena el campo con tu email<\/a><\/p>\n","protected":false},"excerpt":{"rendered":"<p>Buenas, soy Emilio Calatayud. La cicatriz francesa es otro de esos retos absurdos que se difunden por TikTok a toda velocidad. Consiste en pellizcarse las mejillas hasta que salgan moratones y luego ense\u00f1ar el resultado al universo. Chavales, hacerse da\u00f1o para dar espect\u00e1culo es de gilipollas, con perd\u00f3n, o de necios, sin perd\u00f3n. Con estas [&hellip;]<\/p>\n","protected":false},"author":1,"featured_media":18131,"comment_status":"open","ping_status":"open","sticky":false,"template":"","format":"standard","meta":{"jetpack_post_was_ever_published":false,"_jetpack_newsletter_access":"","_jetpack_dont_email_post_to_subs":false,"_jetpack_newsletter_tier_id":0,"_jetpack_memberships_contains_paywalled_content":false,"_jetpack_memberships_contains_paid_content":false,"footnotes":""},"categories":[],"tags":[3669,3670],"class_list":["post-19236","post","type-post","status-publish","format-standard","has-post-thumbnail","hentry","tag-cicatriz","tag-francesa"],"jetpack_featured_media_url":"https:\/\/www.granadablogs.com\/juezcalatayud\/wp-content\/uploads\/2023\/07\/Juez-calatayud-Alfredo-Aguilar.jpg","jetpack_shortlink":"https:\/\/wp.me\/p5fzW5-50g","jetpack-related-posts":[],"jetpack_sharing_enabled":true,"_links":{"self":[{"href":"https:\/\/www.granadablogs.com\/juezcalatayud\/wp-json\/wp\/v2\/posts\/19236","targetHints":{"allow":["GET"]}}],"collection":[{"href":"https:\/\/www.granadablogs.com\/juezcalatayud\/wp-json\/wp\/v2\/posts"}],"about":[{"href":"https:\/\/www.granadablogs.com\/juezcalatayud\/wp-json\/wp\/v2\/types\/post"}],"author":[{"embeddable":true,"href":"https:\/\/www.granadablogs.com\/juezcalatayud\/wp-json\/wp\/v2\/users\/1"}],"replies":[{"embeddable":true,"href":"https:\/\/www.granadablogs.com\/juezcalatayud\/wp-json\/wp\/v2\/comments?post=19236"}],"version-history":[{"count":3,"href":"https:\/\/www.granadablogs.com\/juezcalatayud\/wp-json\/wp\/v2\/posts\/19236\/revisions"}],"predecessor-version":[{"id":19243,"href":"https:\/\/www.granadablogs.com\/juezcalatayud\/wp-json\/wp\/v2\/posts\/19236\/revisions\/19243"}],"wp:featuredmedia":[{"embeddable":true,"href":"https:\/\/www.granadablogs.com\/juezcalatayud\/wp-json\/wp\/v2\/media\/18131"}],"wp:attachment":[{"href":"https:\/\/www.granadablogs.com\/juezcalatayud\/wp-json\/wp\/v2\/media?parent=19236"}],"wp:term":[{"taxonomy":"category","embeddable":true,"href":"https:\/\/www.granadablogs.com\/juezcalatayud\/wp-json\/wp\/v2\/categories?post=19236"},{"taxonomy":"post_tag","embeddable":true,"href":"https:\/\/www.granadablogs.com\/juezcalatayud\/wp-json\/wp\/v2\/tags?post=19236"}],"curies":[{"name":"wp","href":"https:\/\/api.w.org\/{rel}","templated":true}]}}