{"id":19226,"date":"2024-03-13T21:18:22","date_gmt":"2024-03-13T19:18:22","guid":{"rendered":"https:\/\/www.granadablogs.com\/juezcalatayud\/?p=19226"},"modified":"2024-03-15T21:25:01","modified_gmt":"2024-03-15T19:25:01","slug":"hoy-se-usa-el-cero-para-todo-cero-calorias-etc-menos-como-nota-escolar-porque-los-ninos-se-trauman","status":"publish","type":"post","link":"https:\/\/www.granadablogs.com\/juezcalatayud\/2024\/03\/hoy-se-usa-el-cero-para-todo-cero-calorias-etc-menos-como-nota-escolar-porque-los-ninos-se-trauman\/","title":{"rendered":"Hoy se usa el &#8216;cero&#8217; para todo (&#8216;cero&#8217; calor\u00edas, etc) menos como nota escolar porque los ni\u00f1os se &#8216;trauman&#8217;"},"content":{"rendered":"<p>Buenas, soy Emilio Calatayud. Si os hab\u00e9is fijado ya venden panceta y hasta torreznos &#8216;cero&#8217;, que se supone que quiere decir que no tienen calor\u00edas (o son bajos en calor\u00edas), ja, ja, ja. Pero si no tienen calor\u00edas no pueden ser panceta ni torreznos, digo yo.\u00a0 En realidad, si compras algo &#8216;cero&#8217; ser\u00eda como comprar nada, digo yo tambi\u00e9n. Pero a lo que vamos, hoy se usa el &#8216;cero&#8217; para todo menos como nota escolar porque los ni\u00f1os se &#8216;trauman&#8217;. Se quit\u00f3 y no ha vuelto. Yo lo echo de menos. Tuve unos cuantos de ni\u00f1o. Un chaval se puede tomar un refresco &#8216;cero&#8217;, pero no se le puede poner un &#8216;cero&#8217; porque puede ser malo para su salud mental.<\/p>\n<p>Si quer\u00e9is suscribiros al blog de don Emilio lo pod\u00e9is hacer en la direcci\u00f3n que va ah\u00ed abajo y sus comentarios os llegar\u00e1n directamente, sin que la red social intermedie.<\/p>\n<p><a href=\"#suscribete\">Haz clic aqu\u00ed y rellena el campo con tu email<\/a><\/p>\n","protected":false},"excerpt":{"rendered":"<p>Buenas, soy Emilio Calatayud. Si os hab\u00e9is fijado ya venden panceta y hasta torreznos &#8216;cero&#8217;, que se supone que quiere decir que no tienen calor\u00edas (o son bajos en calor\u00edas), ja, ja, ja. Pero si no tienen calor\u00edas no pueden ser panceta ni torreznos, digo yo.\u00a0 En realidad, si compras algo &#8216;cero&#8217; ser\u00eda como comprar [&hellip;]<\/p>\n","protected":false},"author":1,"featured_media":8783,"comment_status":"open","ping_status":"open","sticky":false,"template":"","format":"standard","meta":{"jetpack_post_was_ever_published":false,"_jetpack_newsletter_access":"","_jetpack_dont_email_post_to_subs":false,"_jetpack_newsletter_tier_id":0,"_jetpack_memberships_contains_paywalled_content":false,"_jetpack_memberships_contains_paid_content":false,"footnotes":""},"categories":[],"tags":[3666,1296,3667],"class_list":["post-19226","post","type-post","status-publish","format-standard","has-post-thumbnail","hentry","tag-calorias","tag-cero","tag-nota-escolar"],"jetpack_featured_media_url":"https:\/\/www.granadablogs.com\/juezcalatayud\/wp-content\/uploads\/2018\/07\/cero-y-Emilio.jpg","jetpack_shortlink":"https:\/\/wp.me\/p5fzW5-506","jetpack-related-posts":[],"jetpack_sharing_enabled":true,"_links":{"self":[{"href":"https:\/\/www.granadablogs.com\/juezcalatayud\/wp-json\/wp\/v2\/posts\/19226","targetHints":{"allow":["GET"]}}],"collection":[{"href":"https:\/\/www.granadablogs.com\/juezcalatayud\/wp-json\/wp\/v2\/posts"}],"about":[{"href":"https:\/\/www.granadablogs.com\/juezcalatayud\/wp-json\/wp\/v2\/types\/post"}],"author":[{"embeddable":true,"href":"https:\/\/www.granadablogs.com\/juezcalatayud\/wp-json\/wp\/v2\/users\/1"}],"replies":[{"embeddable":true,"href":"https:\/\/www.granadablogs.com\/juezcalatayud\/wp-json\/wp\/v2\/comments?post=19226"}],"version-history":[{"count":6,"href":"https:\/\/www.granadablogs.com\/juezcalatayud\/wp-json\/wp\/v2\/posts\/19226\/revisions"}],"predecessor-version":[{"id":19244,"href":"https:\/\/www.granadablogs.com\/juezcalatayud\/wp-json\/wp\/v2\/posts\/19226\/revisions\/19244"}],"wp:featuredmedia":[{"embeddable":true,"href":"https:\/\/www.granadablogs.com\/juezcalatayud\/wp-json\/wp\/v2\/media\/8783"}],"wp:attachment":[{"href":"https:\/\/www.granadablogs.com\/juezcalatayud\/wp-json\/wp\/v2\/media?parent=19226"}],"wp:term":[{"taxonomy":"category","embeddable":true,"href":"https:\/\/www.granadablogs.com\/juezcalatayud\/wp-json\/wp\/v2\/categories?post=19226"},{"taxonomy":"post_tag","embeddable":true,"href":"https:\/\/www.granadablogs.com\/juezcalatayud\/wp-json\/wp\/v2\/tags?post=19226"}],"curies":[{"name":"wp","href":"https:\/\/api.w.org\/{rel}","templated":true}]}}