{"id":19224,"date":"2024-03-14T21:02:35","date_gmt":"2024-03-14T19:02:35","guid":{"rendered":"https:\/\/www.granadablogs.com\/juezcalatayud\/?p=19224"},"modified":"2024-03-15T21:08:04","modified_gmt":"2024-03-15T19:08:04","slug":"si-vemos-a-un-nino-de-diez-anos-borracho-o-drogado-nos-escandaliza-pero-si-esta-con-un-movil-nos-parece-normal","status":"publish","type":"post","link":"https:\/\/www.granadablogs.com\/juezcalatayud\/2024\/03\/si-vemos-a-un-nino-de-diez-anos-borracho-o-drogado-nos-escandaliza-pero-si-esta-con-un-movil-nos-parece-normal\/","title":{"rendered":"Si vemos a un ni\u00f1o de diez a\u00f1os borracho o drogado nos escandaliza, pero si est\u00e1 con un m\u00f3vil nos parece normal"},"content":{"rendered":"<p>Buenas, soy Emilio Calatayud. Una madre de una ni\u00f1a de trece a\u00f1os que no tiene m\u00f3vil nos dice que le preocupa ver la cantidad de ni\u00f1os peque\u00f1os que ya tienen tel\u00e9fonos con conexi\u00f3n a Internet. Y hace una comparaci\u00f3n con la que estoy muy de acuerdo: si vemos a un ni\u00f1o de diez a\u00f1os borracho o drogado nos escandaliza y corremos a poner una denuncia, pero si est\u00e1 con un m\u00f3vil nos parece normal. Se pueden prohibir en los colegios, pero si luego los usan en en sus casas, de poco servir\u00e1.<\/p>\n<p>Si quer\u00e9is suscribiros al blog de don Emilio lo pod\u00e9is hacer en la direcci\u00f3n que va ah\u00ed abajo y sus comentarios os llegar\u00e1n directamente, sin que la red social intermedie.<\/p>\n<p><a href=\"#suscribete\">Haz clic aqu\u00ed y rellena el campo con tu email<\/a><\/p>\n","protected":false},"excerpt":{"rendered":"<p>Buenas, soy Emilio Calatayud. Una madre de una ni\u00f1a de trece a\u00f1os que no tiene m\u00f3vil nos dice que le preocupa ver la cantidad de ni\u00f1os peque\u00f1os que ya tienen tel\u00e9fonos con conexi\u00f3n a Internet. Y hace una comparaci\u00f3n con la que estoy muy de acuerdo: si vemos a un ni\u00f1o de diez a\u00f1os borracho [&hellip;]<\/p>\n","protected":false},"author":1,"featured_media":11820,"comment_status":"open","ping_status":"open","sticky":false,"template":"","format":"standard","meta":{"jetpack_post_was_ever_published":false,"_jetpack_newsletter_access":"","_jetpack_dont_email_post_to_subs":false,"_jetpack_newsletter_tier_id":0,"_jetpack_memberships_contains_paywalled_content":false,"_jetpack_memberships_contains_paid_content":false,"footnotes":""},"categories":[],"tags":[3668,237,41],"class_list":["post-19224","post","type-post","status-publish","format-standard","has-post-thumbnail","hentry","tag-drogados","tag-moviles","tag-ninos"],"jetpack_featured_media_url":"https:\/\/www.granadablogs.com\/juezcalatayud\/wp-content\/uploads\/2019\/12\/Emil-neuf.jpg","jetpack_shortlink":"https:\/\/wp.me\/p5fzW5-504","jetpack-related-posts":[],"jetpack_sharing_enabled":true,"_links":{"self":[{"href":"https:\/\/www.granadablogs.com\/juezcalatayud\/wp-json\/wp\/v2\/posts\/19224","targetHints":{"allow":["GET"]}}],"collection":[{"href":"https:\/\/www.granadablogs.com\/juezcalatayud\/wp-json\/wp\/v2\/posts"}],"about":[{"href":"https:\/\/www.granadablogs.com\/juezcalatayud\/wp-json\/wp\/v2\/types\/post"}],"author":[{"embeddable":true,"href":"https:\/\/www.granadablogs.com\/juezcalatayud\/wp-json\/wp\/v2\/users\/1"}],"replies":[{"embeddable":true,"href":"https:\/\/www.granadablogs.com\/juezcalatayud\/wp-json\/wp\/v2\/comments?post=19224"}],"version-history":[{"count":8,"href":"https:\/\/www.granadablogs.com\/juezcalatayud\/wp-json\/wp\/v2\/posts\/19224\/revisions"}],"predecessor-version":[{"id":19241,"href":"https:\/\/www.granadablogs.com\/juezcalatayud\/wp-json\/wp\/v2\/posts\/19224\/revisions\/19241"}],"wp:featuredmedia":[{"embeddable":true,"href":"https:\/\/www.granadablogs.com\/juezcalatayud\/wp-json\/wp\/v2\/media\/11820"}],"wp:attachment":[{"href":"https:\/\/www.granadablogs.com\/juezcalatayud\/wp-json\/wp\/v2\/media?parent=19224"}],"wp:term":[{"taxonomy":"category","embeddable":true,"href":"https:\/\/www.granadablogs.com\/juezcalatayud\/wp-json\/wp\/v2\/categories?post=19224"},{"taxonomy":"post_tag","embeddable":true,"href":"https:\/\/www.granadablogs.com\/juezcalatayud\/wp-json\/wp\/v2\/tags?post=19224"}],"curies":[{"name":"wp","href":"https:\/\/api.w.org\/{rel}","templated":true}]}}