{"id":192,"date":"2009-04-24T17:13:16","date_gmt":"2009-04-24T16:13:16","guid":{"rendered":"http:\/\/www.granadablogs.com\/juezcalatayud\/?p=192"},"modified":"2009-04-29T15:21:37","modified_gmt":"2009-04-29T14:21:37","slug":"bienvenidos-amigos-de-la-argentina","status":"publish","type":"post","link":"https:\/\/www.granadablogs.com\/juezcalatayud\/2009\/04\/bienvenidos-amigos-de-la-argentina\/","title":{"rendered":"Bienvenidos, amigos de la Argentina"},"content":{"rendered":"<p>Tal y como os coment\u00e9 recientemente, la &#8216;doctrina\u00bb don Emilio est\u00e1 calando tambi\u00e9n en la Argentina. Ya hay un par de comentarios que nos han llegado desde all\u00e1. Os recomiendo su lectura. Esperemos que lleguen m\u00e1s y descubramos otras realidades que parece que no son tan &#8216;otras&#8217;. En cualquier caso, bienvenidos amigos de la Argentina.<\/p>\n<p>Ahora un par de avisos para los de aqu\u00ed -porque a los argentinos de ultramar no creo que les d\u00e9 tiempo a llegar-: est\u00e1 misma tarde, don Emilio ofrece una charla en Don Benito, provincia de Badajoz. Y el pr\u00f3ximo d\u00eda 30, jueves, ha sido invitado a participar en el Aula de Cultura de IDEAL -el director del aula, Melchor Saiz Pardo y un servidor haremos la presentanci\u00f3n- La conferencia llevar\u00e1 por t\u00edtulo &#8216;Viviencias y sentencias ejemplares de un juez de Menores&#8217;. La charla tendr\u00e1 lugar en la sala de conferencias de la Confederaci\u00f3n Granadina de Empresarios, que est\u00e1 en la calle Montero 23 de Granada, frente al hotel Nazar\u00edes. Hora: A partir de las ocho de la tarde. Saludos.<\/p>\n","protected":false},"excerpt":{"rendered":"<p>Tal y como os coment\u00e9 recientemente, la &#8216;doctrina\u00bb don Emilio est\u00e1 calando tambi\u00e9n en la Argentina. Ya hay un par de comentarios que nos han llegado desde all\u00e1. Os recomiendo su lectura. Esperemos que lleguen m\u00e1s y descubramos otras realidades que parece que no son tan &#8216;otras&#8217;. En cualquier caso, bienvenidos amigos de la Argentina. [&hellip;]<\/p>\n","protected":false},"author":3,"featured_media":0,"comment_status":"open","ping_status":"open","sticky":false,"template":"","format":"standard","meta":{"jetpack_post_was_ever_published":false,"_jetpack_newsletter_access":"","_jetpack_dont_email_post_to_subs":false,"_jetpack_newsletter_tier_id":0,"_jetpack_memberships_contains_paywalled_content":false,"_jetpack_memberships_contains_paid_content":false,"footnotes":""},"categories":[1],"tags":[43,28,44,34],"class_list":["post-192","post","type-post","status-publish","format-standard","hentry","category-blog","tag-amigos","tag-anadir-etiqueta-nueva","tag-argentina","tag-mis-sentencias"],"jetpack_featured_media_url":"","jetpack_shortlink":"https:\/\/wp.me\/p5fzW5-36","jetpack-related-posts":[],"jetpack_sharing_enabled":true,"_links":{"self":[{"href":"https:\/\/www.granadablogs.com\/juezcalatayud\/wp-json\/wp\/v2\/posts\/192","targetHints":{"allow":["GET"]}}],"collection":[{"href":"https:\/\/www.granadablogs.com\/juezcalatayud\/wp-json\/wp\/v2\/posts"}],"about":[{"href":"https:\/\/www.granadablogs.com\/juezcalatayud\/wp-json\/wp\/v2\/types\/post"}],"author":[{"embeddable":true,"href":"https:\/\/www.granadablogs.com\/juezcalatayud\/wp-json\/wp\/v2\/users\/3"}],"replies":[{"embeddable":true,"href":"https:\/\/www.granadablogs.com\/juezcalatayud\/wp-json\/wp\/v2\/comments?post=192"}],"version-history":[{"count":3,"href":"https:\/\/www.granadablogs.com\/juezcalatayud\/wp-json\/wp\/v2\/posts\/192\/revisions"}],"predecessor-version":[{"id":203,"href":"https:\/\/www.granadablogs.com\/juezcalatayud\/wp-json\/wp\/v2\/posts\/192\/revisions\/203"}],"wp:attachment":[{"href":"https:\/\/www.granadablogs.com\/juezcalatayud\/wp-json\/wp\/v2\/media?parent=192"}],"wp:term":[{"taxonomy":"category","embeddable":true,"href":"https:\/\/www.granadablogs.com\/juezcalatayud\/wp-json\/wp\/v2\/categories?post=192"},{"taxonomy":"post_tag","embeddable":true,"href":"https:\/\/www.granadablogs.com\/juezcalatayud\/wp-json\/wp\/v2\/tags?post=192"}],"curies":[{"name":"wp","href":"https:\/\/api.w.org\/{rel}","templated":true}]}}