{"id":1917,"date":"2012-07-03T22:06:43","date_gmt":"2012-07-03T21:06:43","guid":{"rendered":"http:\/\/www.granadablogs.com\/juezcalatayud\/?p=1917"},"modified":"2012-07-04T23:09:16","modified_gmt":"2012-07-04T22:09:16","slug":"ataques-de-ansiedad","status":"publish","type":"post","link":"https:\/\/www.granadablogs.com\/juezcalatayud\/2012\/07\/ataques-de-ansiedad\/","title":{"rendered":"Ataques de ansiedad"},"content":{"rendered":"<p>Buenas, soy Emilio Calatayud. En los \u00faltimos tiempos, hemos tenido que llamar al 061 en m\u00e1s de una ocasi\u00f3n para que tratasen a un chaval o una ni\u00f1a que estaban sufriendo un ataque de ansiedad al enterarse de que iban a ser encerrados o de que \u00a0iban a seguir encerrados. Es lo que t\u00e9cnicamente se llama un cambio de medida. Por ejemplo, pensemos en una chica a la que le impusimos una tarea socio educativa o un trabajo en beneficio de la comunidad, pero no cumpli\u00f3. Entonces le hacemos un cambio de medida y la internamos. Es aquello de que viene el lobo, que viene el lobo&#8230;, y al final te atrapa. Tambi\u00e9n hay quien puede solicitar cumplir los tres o cuatro meses que le quedan en la calle, pero se les deniega el cambio de medida. En ambos casos, puede haber ataques de nervios y los hay&#8230; Lo que desmiente eso de que la justicia de Menores en blanda. Salvo alguna excepci\u00f3n, nadie quiere ser internado o seguir est\u00e1ndolo. Y menos a\u00fan en verano. Recordad los veranos de vuestra adolescencia: no se acababan nunca, los chicos y las chicas, nadar, el sol&#8230; Perderse eso es duro. Yo me perd\u00ed el que pas\u00e9 en Campillos y todav\u00eda lo echo de menos. No me extra\u00f1an los ataques de ansiedad. No es para menos.<\/p>\n","protected":false},"excerpt":{"rendered":"<p>Buenas, soy Emilio Calatayud. En los \u00faltimos tiempos, hemos tenido que llamar al 061 en m\u00e1s de una ocasi\u00f3n para que tratasen a un chaval o una ni\u00f1a que estaban sufriendo un ataque de ansiedad al enterarse de que iban a ser encerrados o de que \u00a0iban a seguir encerrados. Es lo que t\u00e9cnicamente se [&hellip;]<\/p>\n","protected":false},"author":2,"featured_media":0,"comment_status":"open","ping_status":"open","sticky":false,"template":"","format":"standard","meta":{"jetpack_post_was_ever_published":false,"_jetpack_newsletter_access":"","_jetpack_dont_email_post_to_subs":false,"_jetpack_newsletter_tier_id":0,"_jetpack_memberships_contains_paywalled_content":false,"_jetpack_memberships_contains_paid_content":false,"footnotes":""},"categories":[1],"tags":[436,435],"class_list":["post-1917","post","type-post","status-publish","format-standard","hentry","category-blog","tag-ansiedad","tag-ataques"],"jetpack_featured_media_url":"","jetpack_shortlink":"https:\/\/wp.me\/p5fzW5-uV","jetpack-related-posts":[],"jetpack_sharing_enabled":true,"_links":{"self":[{"href":"https:\/\/www.granadablogs.com\/juezcalatayud\/wp-json\/wp\/v2\/posts\/1917","targetHints":{"allow":["GET"]}}],"collection":[{"href":"https:\/\/www.granadablogs.com\/juezcalatayud\/wp-json\/wp\/v2\/posts"}],"about":[{"href":"https:\/\/www.granadablogs.com\/juezcalatayud\/wp-json\/wp\/v2\/types\/post"}],"author":[{"embeddable":true,"href":"https:\/\/www.granadablogs.com\/juezcalatayud\/wp-json\/wp\/v2\/users\/2"}],"replies":[{"embeddable":true,"href":"https:\/\/www.granadablogs.com\/juezcalatayud\/wp-json\/wp\/v2\/comments?post=1917"}],"version-history":[{"count":3,"href":"https:\/\/www.granadablogs.com\/juezcalatayud\/wp-json\/wp\/v2\/posts\/1917\/revisions"}],"predecessor-version":[{"id":1920,"href":"https:\/\/www.granadablogs.com\/juezcalatayud\/wp-json\/wp\/v2\/posts\/1917\/revisions\/1920"}],"wp:attachment":[{"href":"https:\/\/www.granadablogs.com\/juezcalatayud\/wp-json\/wp\/v2\/media?parent=1917"}],"wp:term":[{"taxonomy":"category","embeddable":true,"href":"https:\/\/www.granadablogs.com\/juezcalatayud\/wp-json\/wp\/v2\/categories?post=1917"},{"taxonomy":"post_tag","embeddable":true,"href":"https:\/\/www.granadablogs.com\/juezcalatayud\/wp-json\/wp\/v2\/tags?post=1917"}],"curies":[{"name":"wp","href":"https:\/\/api.w.org\/{rel}","templated":true}]}}