{"id":19160,"date":"2024-02-28T19:55:39","date_gmt":"2024-02-28T17:55:39","guid":{"rendered":"https:\/\/www.granadablogs.com\/juezcalatayud\/?p=19160"},"modified":"2024-03-15T21:33:39","modified_gmt":"2024-03-15T19:33:39","slug":"feliz-dia-de-andalucia-de-parte-de-un-andaluz-nacido-en-un-lugar-de-la-mancha","status":"publish","type":"post","link":"https:\/\/www.granadablogs.com\/juezcalatayud\/2024\/02\/feliz-dia-de-andalucia-de-parte-de-un-andaluz-nacido-en-un-lugar-de-la-mancha\/","title":{"rendered":"Feliz D\u00eda de Andaluc\u00eda de parte de un andaluz nacido en un lugar de La Mancha"},"content":{"rendered":"<p>Buenas, soy Emilio Calatayud. Feliz D\u00eda de Andaluc\u00eda de parte de un andaluz nacido en un lugar de La Mancha, concretamente, en Ciudad Real. Y que siga lloviendo, que nos hace mucha falta el agua para que Andaluc\u00eda siga siendo blanca y verde.<\/p>\n<p>Si quer\u00e9is suscribiros al blog de don Emilio lo pod\u00e9is hacer en la direcci\u00f3n que va ah\u00ed abajo y sus comentarios os llegar\u00e1n directamente, sin que la red social intermedie.<\/p>\n<p><a href=\"#suscribete\">Haz clic aqu\u00ed y rellena el campo con tu email<\/a><\/p>\n","protected":false},"excerpt":{"rendered":"<p>Buenas, soy Emilio Calatayud. Feliz D\u00eda de Andaluc\u00eda de parte de un andaluz nacido en un lugar de La Mancha, concretamente, en Ciudad Real. Y que siga lloviendo, que nos hace mucha falta el agua para que Andaluc\u00eda siga siendo blanca y verde. Si quer\u00e9is suscribiros al blog de don Emilio lo pod\u00e9is hacer en [&hellip;]<\/p>\n","protected":false},"author":1,"featured_media":8269,"comment_status":"open","ping_status":"open","sticky":false,"template":"","format":"standard","meta":{"jetpack_post_was_ever_published":false,"_jetpack_newsletter_access":"","_jetpack_dont_email_post_to_subs":false,"_jetpack_newsletter_tier_id":0,"_jetpack_memberships_contains_paywalled_content":false,"_jetpack_memberships_contains_paid_content":false,"footnotes":""},"categories":[],"tags":[1044,635,624],"class_list":["post-19160","post","type-post","status-publish","format-standard","has-post-thumbnail","hentry","tag-andalucia","tag-de","tag-dia"],"jetpack_featured_media_url":"https:\/\/www.granadablogs.com\/juezcalatayud\/wp-content\/uploads\/2018\/05\/banderita.jpg","jetpack_shortlink":"https:\/\/wp.me\/p5fzW5-4Z2","jetpack-related-posts":[],"jetpack_sharing_enabled":true,"_links":{"self":[{"href":"https:\/\/www.granadablogs.com\/juezcalatayud\/wp-json\/wp\/v2\/posts\/19160","targetHints":{"allow":["GET"]}}],"collection":[{"href":"https:\/\/www.granadablogs.com\/juezcalatayud\/wp-json\/wp\/v2\/posts"}],"about":[{"href":"https:\/\/www.granadablogs.com\/juezcalatayud\/wp-json\/wp\/v2\/types\/post"}],"author":[{"embeddable":true,"href":"https:\/\/www.granadablogs.com\/juezcalatayud\/wp-json\/wp\/v2\/users\/1"}],"replies":[{"embeddable":true,"href":"https:\/\/www.granadablogs.com\/juezcalatayud\/wp-json\/wp\/v2\/comments?post=19160"}],"version-history":[{"count":3,"href":"https:\/\/www.granadablogs.com\/juezcalatayud\/wp-json\/wp\/v2\/posts\/19160\/revisions"}],"predecessor-version":[{"id":19258,"href":"https:\/\/www.granadablogs.com\/juezcalatayud\/wp-json\/wp\/v2\/posts\/19160\/revisions\/19258"}],"wp:featuredmedia":[{"embeddable":true,"href":"https:\/\/www.granadablogs.com\/juezcalatayud\/wp-json\/wp\/v2\/media\/8269"}],"wp:attachment":[{"href":"https:\/\/www.granadablogs.com\/juezcalatayud\/wp-json\/wp\/v2\/media?parent=19160"}],"wp:term":[{"taxonomy":"category","embeddable":true,"href":"https:\/\/www.granadablogs.com\/juezcalatayud\/wp-json\/wp\/v2\/categories?post=19160"},{"taxonomy":"post_tag","embeddable":true,"href":"https:\/\/www.granadablogs.com\/juezcalatayud\/wp-json\/wp\/v2\/tags?post=19160"}],"curies":[{"name":"wp","href":"https:\/\/api.w.org\/{rel}","templated":true}]}}