{"id":1910,"date":"2012-06-28T23:20:32","date_gmt":"2012-06-28T22:20:32","guid":{"rendered":"http:\/\/www.granadablogs.com\/juezcalatayud\/?p=1910"},"modified":"2012-06-28T23:25:52","modified_gmt":"2012-06-28T22:25:52","slug":"vaya-usted-a-dar-a-luz-debajo-de-un-puente","status":"publish","type":"post","link":"https:\/\/www.granadablogs.com\/juezcalatayud\/2012\/06\/vaya-usted-a-dar-a-luz-debajo-de-un-puente\/","title":{"rendered":"\u00abVaya usted a dar a luz debajo de un puente\u00bb"},"content":{"rendered":"<p>Aqu\u00ed os dejamos una nueva entrega de los di\u00e1logos que mantenemos don Emilio y yo en el suplemento Salud revista.es, que se distribuye con los peri\u00f3dicos regionales del grupo Vocento. Esperamos que os resulte interesante. El juez opina sobre los padres que se niegan a llevar a sus hijos al cole o a vacunarlos por razones ideol\u00f3gicas. <\/p>\n<p>\u2013(C. Mor\u00e1n)Hay familias que prefieren mantenerse al margen del sistema educativo y no llevan a sus hijos al colegio. No es desgana o negligencia. Son perfectamente conscientes de lo que hacen e incluso pleitean para conseguirlo. \u00bfA usted qu\u00e9 le parece? \u00bfEs posible educar sin escuela?<br \/>\n\u2013(Emilio Calatayud) S\u00e9 que existe este tipo de casos, pero yo, ni personal ni profesionalmente, he conocido ninguno. Los que nosotros juzgamos en los a\u00f1os 90 eran por desidia o porque los padres dejaban a los ni\u00f1os al mando de los m\u00e1s peque\u00f1os para irse ellos a trabajar a los mercadillos o la chatarra. Y a m\u00e1s de un matrimonio le cay\u00f3 una pena de c\u00e1rcel. Pero esto otro de no llevar a los hijos al colegio, digamos, por ideolog\u00eda no me ha tocado. Pero es una postura que no comparto en absoluto. Vivimos en sociedad y una de las instituciones b\u00e1sicas de defensa de la sociedad es la familia. De hecho, existen una serie de normas que tienden a velar por la familia y, especialmente, por los menores. Todo estamos obligados a proteger a los menores: todos.<br \/>\n\u2013(C. Mor\u00e1n) Incluso de sus propios padres\u2026.<br \/>\n\u2013(Emilio Calatayud) Efectivamente, porque puede haber intereses contrapuestos entre padres e hijos. Y dos elementos b\u00e1sicos de protecci\u00f3n de los menores son la educaci\u00f3n y la sanidad. El colegio no es solo un sitio al que se va a adquirir una serie de conocimientos y punto\u2026<br \/>\n\u2013(C. Mor\u00e1n) Si solo fuera eso, \u00bfs\u00ed podr\u00eda valer lo de educar en casa?<br \/>\n\u2013(Emilio Calatayud) Claro, pero es que el colegio es bastante m\u00e1s que tomar una lecci\u00f3n. Lo que persigue el sistema educativo es la socializaci\u00f3n de los individuos. Tenemos una serie de derechos y de deberes. Y uno de los m\u00e1s importantes deberes es el de vivir en sociedad: es una de las mayores aportaciones que podemos hacer a la propia sociedad. Est\u00e1 muy bien decir que uno es libre y que hace lo que quiere, pero la verdad es que esa persona tambi\u00e9n se est\u00e1 aprovechando de la sociedad y, por tanto, debe trabajar para ella. Lo que sucede es que hay sentencias que dicen que esta conducta puede ser un delito \u2013faltar a los deberes inherentes a la patria potestad\u2013 y otras que solo ser\u00eda un il\u00edcito administrativo. Y eso convendr\u00eda aclararlo. Luego, en el \u00e1mbito sanitario, tambi\u00e9n ocurre a veces algo parecido: aparecen familias que, por sus creencias personales, deciden, por ejemplo, no vacunar a sus hijos. Dicen que as\u00ed protegen a sus chavales, pero a la vez est\u00e1n desprotegiendo a los hijos de sus vecinos. Adem\u00e1s, claro est\u00e1, de poner en peligro a sus propios ni\u00f1os. Por eso, a veces, el Estado tiene que ir contra unos padres para que no lesionen los derechos de sus propios hijos o de terceros.<br \/>\n\u2013(C. Mor\u00e1n) Como juez, \u00bfha tenido que obligar alguna vez a una familia a vacunar a su hijo?<br \/>\n\u2013(Emilio Calatayud) No, nunca se me ha dado ese caso. Algo parecido, s\u00ed. Hace tiempo, siendo yo juez de Instrucci\u00f3n, se me dio el caso de una familia que, por sus creencias religiosas, no admit\u00eda las transfusiones de sangre. La madre iba a dar a luz y pod\u00eda necesitar sangre, pero ellos se negaban rotundamente. Entonces les dije: \u2018La soluci\u00f3n es muy sencilla: ustedes est\u00e1n dentro del sistema sanitario espa\u00f1ol y yo tengo que autorizar al m\u00e9dico a que adopte todas las medidas que est\u00e9n a su alcance para salvar una vida; y si entre esas medidas est\u00e1 la transfusi\u00f3n de sangre, pues habr\u00e1 que hacerla\u2019. Yo no orden\u00e9 nada al m\u00e9dico, me limit\u00e9 a autorizarle a que llevara a cabo esa intervenci\u00f3n. Y, pese a esas razones, aquella familia segu\u00eda sin querer la transfusi\u00f3n. Pero es que no hab\u00eda ninguna otra medida alternativa, que es algo que siempre hay que constatar. Si se pueden conciliar los derechos de unos y otros, pues mejor que mejor. Pero en aquel caso, ya digo, no hab\u00eda otro tratamiento posible que la transfusi\u00f3n. As\u00ed que la \u00fanica salida que me quedaba era recomendar a la embarazada que pidiera el alta voluntaria y se fuera a dar a luz debajo de un puente.<br \/>\n\u2013(C. Mor\u00e1n) \u00bfEso les dijo?<br \/>\n\u2013(Emilio Calatayud) Pues s\u00ed. \u00bfQu\u00e9 otra cosa podr\u00eda hacer? Nadie les hab\u00eda obligado a ir al hospital, pero una vez que ya estaban all\u00ed deb\u00edan atenerse a las normas y conformarse con los medios que les ofrec\u00edan. Insisto, yo no di ninguna orden, pero ten\u00eda la obligaci\u00f3n de informarles de que no ten\u00eda m\u00e1s remedio que autorizar todas las medidas que fueran necesarias para salvar la vida de la madre y de su hijo.<br \/>\n\u2013(C. Mor\u00e1n) \u00bfY qu\u00e9 hicieron?<br \/>\n\u2013(Emilio Calatayud) Se quedaron en el hospital.<br \/>\n\u2013(C. Mor\u00e1n) Menos mal.<\/p>\n","protected":false},"excerpt":{"rendered":"<p>Aqu\u00ed os dejamos una nueva entrega de los di\u00e1logos que mantenemos don Emilio y yo en el suplemento Salud revista.es, que se distribuye con los peri\u00f3dicos regionales del grupo Vocento. Esperamos que os resulte interesante. El juez opina sobre los padres que se niegan a llevar a sus hijos al cole o a vacunarlos por [&hellip;]<\/p>\n","protected":false},"author":3,"featured_media":0,"comment_status":"open","ping_status":"open","sticky":false,"template":"","format":"standard","meta":{"jetpack_post_was_ever_published":false,"_jetpack_newsletter_access":"","_jetpack_dont_email_post_to_subs":false,"_jetpack_newsletter_tier_id":0,"_jetpack_memberships_contains_paywalled_content":false,"_jetpack_memberships_contains_paid_content":false,"footnotes":""},"categories":[1],"tags":[434,433],"class_list":["post-1910","post","type-post","status-publish","format-standard","hentry","category-blog","tag-revistaes","tag-salud"],"jetpack_featured_media_url":"","jetpack_shortlink":"https:\/\/wp.me\/p5fzW5-uO","jetpack-related-posts":[],"jetpack_sharing_enabled":true,"_links":{"self":[{"href":"https:\/\/www.granadablogs.com\/juezcalatayud\/wp-json\/wp\/v2\/posts\/1910","targetHints":{"allow":["GET"]}}],"collection":[{"href":"https:\/\/www.granadablogs.com\/juezcalatayud\/wp-json\/wp\/v2\/posts"}],"about":[{"href":"https:\/\/www.granadablogs.com\/juezcalatayud\/wp-json\/wp\/v2\/types\/post"}],"author":[{"embeddable":true,"href":"https:\/\/www.granadablogs.com\/juezcalatayud\/wp-json\/wp\/v2\/users\/3"}],"replies":[{"embeddable":true,"href":"https:\/\/www.granadablogs.com\/juezcalatayud\/wp-json\/wp\/v2\/comments?post=1910"}],"version-history":[{"count":4,"href":"https:\/\/www.granadablogs.com\/juezcalatayud\/wp-json\/wp\/v2\/posts\/1910\/revisions"}],"predecessor-version":[{"id":1913,"href":"https:\/\/www.granadablogs.com\/juezcalatayud\/wp-json\/wp\/v2\/posts\/1910\/revisions\/1913"}],"wp:attachment":[{"href":"https:\/\/www.granadablogs.com\/juezcalatayud\/wp-json\/wp\/v2\/media?parent=1910"}],"wp:term":[{"taxonomy":"category","embeddable":true,"href":"https:\/\/www.granadablogs.com\/juezcalatayud\/wp-json\/wp\/v2\/categories?post=1910"},{"taxonomy":"post_tag","embeddable":true,"href":"https:\/\/www.granadablogs.com\/juezcalatayud\/wp-json\/wp\/v2\/tags?post=1910"}],"curies":[{"name":"wp","href":"https:\/\/api.w.org\/{rel}","templated":true}]}}