{"id":1908,"date":"2012-06-25T19:16:46","date_gmt":"2012-06-25T18:16:46","guid":{"rendered":"http:\/\/www.granadablogs.com\/juezcalatayud\/?p=1908"},"modified":"2012-06-25T19:16:46","modified_gmt":"2012-06-25T18:16:46","slug":"condenados-por-delinquir-en-el-propio-juzgado","status":"publish","type":"post","link":"https:\/\/www.granadablogs.com\/juezcalatayud\/2012\/06\/condenados-por-delinquir-en-el-propio-juzgado\/","title":{"rendered":"Condenados por delinquir en el propio juzgado"},"content":{"rendered":"<p>Aqu\u00ed os dejo otra historia de menores que meten la pata, y este caso, bien metida, y van a tener que pagar por ello. Hoy la public\u00e1bamos en ideal.es.  \u00abLos dos chavales delinquieron en un recinto pensado precisamente para perseguir el delito: la sala de un tribunal de Justicia. El &#8216;lugar del crimen&#8217; fue un juzgado y entre los testigos del desafuero estaban el propio magistrado que dirig\u00eda la vista, el fiscal, los funcionarios, los polic\u00edas que custodiaban al acusado&#8230; Teniendo en cuenta esas circunstancias, hubiera supuesto una sorpresa may\u00fascula que los dos menores quedasen absueltos. A\u00fan as\u00ed, fueron a juicio y no aceptaron el intento del Ministerio P\u00fablico de alcanzar una conformidad, esto es, que admitiesen su culpa a cambio de una rebaja en las penas. Pero estaban en su derecho de dar su versi\u00f3n de lo sucedido y tratar de salir airosos del trance. No han tenido \u00e9xito: el Juzgado de Menores 1 ha considerado ahora que ambos cometieron un delito de des\u00f3rdenes p\u00fablicos y otro de atentado. Adem\u00e1s, uno de ellos tambi\u00e9n ha sido condenado por una falta de lesiones.<br \/>\nEn este sentido, deber\u00e1n permanecer encerrados en un correccional durante un a\u00f1o y, cuando cumplan esa medida, saldr\u00e1n a la calle, pero estar\u00e1n bajo vigilancia seis meses m\u00e1s.<br \/>\nEl incidente que ahora ha quedado zanjado con una sentencia que ya es firme -nadie la recurri\u00f3 durante el tiempo que la ley concede para ese menester- ocurri\u00f3 el 12 de enero de este mismo a\u00f1o en la sala de vistas que comparten los dos juzgados de Menores que existen en Granada. Aquella ma\u00f1ana, el titular del tribunal n\u00famero 2 celebraba una vista para informar a un joven de 17 a\u00f1os de que hab\u00eda acordado un cambio de medida: deb\u00eda ingresar en un centro de internamiento especializado en tratamiento terap\u00e9utico. Fue entonces cuando empez\u00f3 el l\u00edo. El chico se opuso a la decisi\u00f3n del juez porque, seg\u00fan dijo y a pesar de el magistrado le hab\u00eda informado sus derechos, no hab\u00eda entendido nada.<br \/>\nLos agentes del Grupo de Menores de la Polic\u00eda Nacional (Grume) que estaban en la sala trataron de llevarse al muchacho hasta las dependencias que dicho cuerpo tiene junto a los juzgados y la Fiscal\u00eda de Menores. Pero el joven no estaba dispuesto a facilitarles las cosas y se aferr\u00f3 a una silla para dificultar su traslado. El juez le conmin\u00f3 a que no se resistiera, pero el inculpado se rebel\u00f3 y no obedeci\u00f3 las instrucciones. \u00abComenz\u00f3 a gritar y a forcejear\u00bb con los funcionarios policiales. La tensi\u00f3n era grande.<br \/>\nEn ese momento, un amigo del alborotador que se encontraba en la sala se sum\u00f3 a la refriega dando voces y acusando a la Polic\u00eda de maltrato. El &#8216;espont\u00e1neo&#8217; tambi\u00e9n se enzarz\u00f3 con los miembros de las Fuerzas de Seguridad del Estado, que tambi\u00e9n vieron obligados a reducirlo y detenerlo. Este segundo chaval empez\u00f3 \u00aba dar patadas y a dirigir frases insultantes\u00bb contra los agentes. Durante la ri\u00f1a, el muchacho que inici\u00f3 las hostilidades al desobedecer al juez pate\u00f3 a un polic\u00eda y le caus\u00f3 una lesi\u00f3n leve en la rodilla.<br \/>\nFinalmente, los funcionarios consiguieron inmovilizar a los dos acusados e, inmediatamente, se abrieron unas diligencias contra ellos\u00bb.<\/p>\n","protected":false},"excerpt":{"rendered":"<p>Aqu\u00ed os dejo otra historia de menores que meten la pata, y este caso, bien metida, y van a tener que pagar por ello. Hoy la public\u00e1bamos en ideal.es. \u00abLos dos chavales delinquieron en un recinto pensado precisamente para perseguir el delito: la sala de un tribunal de Justicia. El &#8216;lugar del crimen&#8217; fue un [&hellip;]<\/p>\n","protected":false},"author":3,"featured_media":0,"comment_status":"open","ping_status":"open","sticky":false,"template":"","format":"standard","meta":{"jetpack_post_was_ever_published":false,"_jetpack_newsletter_access":"","_jetpack_dont_email_post_to_subs":false,"_jetpack_newsletter_tier_id":0,"_jetpack_memberships_contains_paywalled_content":false,"_jetpack_memberships_contains_paid_content":false,"footnotes":""},"categories":[1],"tags":[431,432],"class_list":["post-1908","post","type-post","status-publish","format-standard","hentry","category-blog","tag-desordenes","tag-publicos"],"jetpack_featured_media_url":"","jetpack_shortlink":"https:\/\/wp.me\/p5fzW5-uM","jetpack-related-posts":[],"jetpack_sharing_enabled":true,"_links":{"self":[{"href":"https:\/\/www.granadablogs.com\/juezcalatayud\/wp-json\/wp\/v2\/posts\/1908","targetHints":{"allow":["GET"]}}],"collection":[{"href":"https:\/\/www.granadablogs.com\/juezcalatayud\/wp-json\/wp\/v2\/posts"}],"about":[{"href":"https:\/\/www.granadablogs.com\/juezcalatayud\/wp-json\/wp\/v2\/types\/post"}],"author":[{"embeddable":true,"href":"https:\/\/www.granadablogs.com\/juezcalatayud\/wp-json\/wp\/v2\/users\/3"}],"replies":[{"embeddable":true,"href":"https:\/\/www.granadablogs.com\/juezcalatayud\/wp-json\/wp\/v2\/comments?post=1908"}],"version-history":[{"count":1,"href":"https:\/\/www.granadablogs.com\/juezcalatayud\/wp-json\/wp\/v2\/posts\/1908\/revisions"}],"predecessor-version":[{"id":1909,"href":"https:\/\/www.granadablogs.com\/juezcalatayud\/wp-json\/wp\/v2\/posts\/1908\/revisions\/1909"}],"wp:attachment":[{"href":"https:\/\/www.granadablogs.com\/juezcalatayud\/wp-json\/wp\/v2\/media?parent=1908"}],"wp:term":[{"taxonomy":"category","embeddable":true,"href":"https:\/\/www.granadablogs.com\/juezcalatayud\/wp-json\/wp\/v2\/categories?post=1908"},{"taxonomy":"post_tag","embeddable":true,"href":"https:\/\/www.granadablogs.com\/juezcalatayud\/wp-json\/wp\/v2\/tags?post=1908"}],"curies":[{"name":"wp","href":"https:\/\/api.w.org\/{rel}","templated":true}]}}