{"id":19034,"date":"2024-02-04T17:30:14","date_gmt":"2024-02-04T15:30:14","guid":{"rendered":"https:\/\/www.granadablogs.com\/juezcalatayud\/?p=19034"},"modified":"2024-02-04T17:30:14","modified_gmt":"2024-02-04T15:30:14","slug":"como-enfermo-de-cancer-un-abrazo-para-los-enfermos-y-los-que-cuidan-de-ellos-y-los-que-cuidan-de-los-que-cuidan","status":"publish","type":"post","link":"https:\/\/www.granadablogs.com\/juezcalatayud\/2024\/02\/como-enfermo-de-cancer-un-abrazo-para-los-enfermos-y-los-que-cuidan-de-ellos-y-los-que-cuidan-de-los-que-cuidan\/","title":{"rendered":"Como enfermo de c\u00e1ncer, un abrazo para los enfermos y los que cuidan de ellos, y los que cuidan de los que cuidan&#8230;"},"content":{"rendered":"<p>Buenas, soy Emilio Calatayud. En este D\u00eda Contra el C\u00e1ncer, y como enfermo de c\u00e1ncer que soy desde hace a\u00f1os, quiero enviar un abrazo para todos los enfermos y los que cuidan de ellos, y los que cuidan de los que cuidan&#8230; Porque de eso va el c\u00e1ncer, de cuidarnos entre todos.<\/p>\n","protected":false},"excerpt":{"rendered":"<p>Buenas, soy Emilio Calatayud. En este D\u00eda Contra el C\u00e1ncer, y como enfermo de c\u00e1ncer que soy desde hace a\u00f1os, quiero enviar un abrazo para todos los enfermos y los que cuidan de ellos, y los que cuidan de los que cuidan&#8230; Porque de eso va el c\u00e1ncer, de cuidarnos entre todos.<\/p>\n","protected":false},"author":1,"featured_media":13957,"comment_status":"open","ping_status":"open","sticky":false,"template":"","format":"standard","meta":{"jetpack_post_was_ever_published":false,"_jetpack_newsletter_access":"","_jetpack_dont_email_post_to_subs":false,"_jetpack_newsletter_tier_id":0,"_jetpack_memberships_contains_paywalled_content":false,"_jetpack_memberships_contains_paid_content":false,"footnotes":""},"categories":[],"tags":[75,1755,624,1275],"class_list":["post-19034","post","type-post","status-publish","format-standard","has-post-thumbnail","hentry","tag-cancer","tag-contra","tag-dia","tag-el"],"jetpack_featured_media_url":"https:\/\/www.granadablogs.com\/juezcalatayud\/wp-content\/uploads\/2020\/12\/Arboleda.jpg","jetpack_shortlink":"https:\/\/wp.me\/p5fzW5-4X0","jetpack-related-posts":[],"jetpack_sharing_enabled":true,"_links":{"self":[{"href":"https:\/\/www.granadablogs.com\/juezcalatayud\/wp-json\/wp\/v2\/posts\/19034","targetHints":{"allow":["GET"]}}],"collection":[{"href":"https:\/\/www.granadablogs.com\/juezcalatayud\/wp-json\/wp\/v2\/posts"}],"about":[{"href":"https:\/\/www.granadablogs.com\/juezcalatayud\/wp-json\/wp\/v2\/types\/post"}],"author":[{"embeddable":true,"href":"https:\/\/www.granadablogs.com\/juezcalatayud\/wp-json\/wp\/v2\/users\/1"}],"replies":[{"embeddable":true,"href":"https:\/\/www.granadablogs.com\/juezcalatayud\/wp-json\/wp\/v2\/comments?post=19034"}],"version-history":[{"count":3,"href":"https:\/\/www.granadablogs.com\/juezcalatayud\/wp-json\/wp\/v2\/posts\/19034\/revisions"}],"predecessor-version":[{"id":19037,"href":"https:\/\/www.granadablogs.com\/juezcalatayud\/wp-json\/wp\/v2\/posts\/19034\/revisions\/19037"}],"wp:featuredmedia":[{"embeddable":true,"href":"https:\/\/www.granadablogs.com\/juezcalatayud\/wp-json\/wp\/v2\/media\/13957"}],"wp:attachment":[{"href":"https:\/\/www.granadablogs.com\/juezcalatayud\/wp-json\/wp\/v2\/media?parent=19034"}],"wp:term":[{"taxonomy":"category","embeddable":true,"href":"https:\/\/www.granadablogs.com\/juezcalatayud\/wp-json\/wp\/v2\/categories?post=19034"},{"taxonomy":"post_tag","embeddable":true,"href":"https:\/\/www.granadablogs.com\/juezcalatayud\/wp-json\/wp\/v2\/tags?post=19034"}],"curies":[{"name":"wp","href":"https:\/\/api.w.org\/{rel}","templated":true}]}}