{"id":18882,"date":"2024-01-02T21:18:34","date_gmt":"2024-01-02T19:18:34","guid":{"rendered":"https:\/\/www.granadablogs.com\/juezcalatayud\/?p=18882"},"modified":"2024-01-02T21:18:34","modified_gmt":"2024-01-02T19:18:34","slug":"una-idea-para-un-regalo-de-reyes-la-decima-edicion-del-libro-buenas-soy-emilio-calatayud","status":"publish","type":"post","link":"https:\/\/www.granadablogs.com\/juezcalatayud\/2024\/01\/una-idea-para-un-regalo-de-reyes-la-decima-edicion-del-libro-buenas-soy-emilio-calatayud\/","title":{"rendered":"Una idea para un regalo de Reyes: la d\u00e9cima edici\u00f3n del libro &#8216;Buenas, soy Emilio Calatayud&#8230;&#8217;"},"content":{"rendered":"<p>Hola, soy Carlos Mor\u00e1n, el compa\u00f1ero de blog de don Emilio. Como este blog tambi\u00e9n es un servicio p\u00fablico, o lo pretende, vamos a hacer una sugerencia para un posible regalo de Reyes: la d\u00e9cima edici\u00f3n del libro &#8216;Buenas, soy Emilio Calatayud&#8230;&#8217; (Alienta\/Planeta). En realidad, y al margen de hacernos propaganda, ja, ja, ja, lo que de verdad quer\u00edamos contar es que hemos alcanzado la d\u00e9cima edici\u00f3n, que para nosotros, que no somos Ken Follett, es una barbaridad. Muchas gracias a todos los que lo hab\u00e9is comprado. Pero, vamos, que ah\u00ed sigue, y los Reyes ya est\u00e1n a la vuelta de la esquina.<\/p>\n<p>No nos hemos hecho millonarios con el libro (para eso hace falta ser Ken Follett), pero creemos que ya tenemos m\u00e1s ediciones que el libro de Bel\u00e9n Esteban, que fue lo que nos propusimos cuando lo publicamos en marzo de 2014, que no ha llovido ni &#8216;na&#8217; desde entonces. Ahora queremos superar a Pedro S\u00e1nchez y su &#8216;Tierra firme&#8217;, ja, ja, ja.<\/p>\n","protected":false},"excerpt":{"rendered":"<p>Hola, soy Carlos Mor\u00e1n, el compa\u00f1ero de blog de don Emilio. Como este blog tambi\u00e9n es un servicio p\u00fablico, o lo pretende, vamos a hacer una sugerencia para un posible regalo de Reyes: la d\u00e9cima edici\u00f3n del libro &#8216;Buenas, soy Emilio Calatayud&#8230;&#8217; (Alienta\/Planeta). En realidad, y al margen de hacernos propaganda, ja, ja, ja, lo [&hellip;]<\/p>\n","protected":false},"author":3,"featured_media":18883,"comment_status":"open","ping_status":"open","sticky":false,"template":"","format":"standard","meta":{"jetpack_post_was_ever_published":false,"_jetpack_newsletter_access":"","_jetpack_dont_email_post_to_subs":false,"_jetpack_newsletter_tier_id":0,"_jetpack_memberships_contains_paywalled_content":false,"_jetpack_memberships_contains_paid_content":false,"footnotes":""},"categories":[],"tags":[1],"class_list":["post-18882","post","type-post","status-publish","format-standard","has-post-thumbnail","hentry","tag-blog"],"jetpack_featured_media_url":"https:\/\/www.granadablogs.com\/juezcalatayud\/wp-content\/uploads\/2024\/01\/decima.jpg","jetpack_shortlink":"https:\/\/wp.me\/p5fzW5-4Uy","jetpack-related-posts":[],"jetpack_sharing_enabled":true,"_links":{"self":[{"href":"https:\/\/www.granadablogs.com\/juezcalatayud\/wp-json\/wp\/v2\/posts\/18882","targetHints":{"allow":["GET"]}}],"collection":[{"href":"https:\/\/www.granadablogs.com\/juezcalatayud\/wp-json\/wp\/v2\/posts"}],"about":[{"href":"https:\/\/www.granadablogs.com\/juezcalatayud\/wp-json\/wp\/v2\/types\/post"}],"author":[{"embeddable":true,"href":"https:\/\/www.granadablogs.com\/juezcalatayud\/wp-json\/wp\/v2\/users\/3"}],"replies":[{"embeddable":true,"href":"https:\/\/www.granadablogs.com\/juezcalatayud\/wp-json\/wp\/v2\/comments?post=18882"}],"version-history":[{"count":1,"href":"https:\/\/www.granadablogs.com\/juezcalatayud\/wp-json\/wp\/v2\/posts\/18882\/revisions"}],"predecessor-version":[{"id":18884,"href":"https:\/\/www.granadablogs.com\/juezcalatayud\/wp-json\/wp\/v2\/posts\/18882\/revisions\/18884"}],"wp:featuredmedia":[{"embeddable":true,"href":"https:\/\/www.granadablogs.com\/juezcalatayud\/wp-json\/wp\/v2\/media\/18883"}],"wp:attachment":[{"href":"https:\/\/www.granadablogs.com\/juezcalatayud\/wp-json\/wp\/v2\/media?parent=18882"}],"wp:term":[{"taxonomy":"category","embeddable":true,"href":"https:\/\/www.granadablogs.com\/juezcalatayud\/wp-json\/wp\/v2\/categories?post=18882"},{"taxonomy":"post_tag","embeddable":true,"href":"https:\/\/www.granadablogs.com\/juezcalatayud\/wp-json\/wp\/v2\/tags?post=18882"}],"curies":[{"name":"wp","href":"https:\/\/api.w.org\/{rel}","templated":true}]}}