{"id":18834,"date":"2023-12-23T21:19:18","date_gmt":"2023-12-23T19:19:18","guid":{"rendered":"https:\/\/www.granadablogs.com\/juezcalatayud\/?p=18834"},"modified":"2023-12-23T21:19:18","modified_gmt":"2023-12-23T19:19:18","slug":"los-ninos-son-ninos-pero-no-son-tontos-y-los-abuelos-no-son-ninos-pero-tampoco-son-tontos","status":"publish","type":"post","link":"https:\/\/www.granadablogs.com\/juezcalatayud\/2023\/12\/los-ninos-son-ninos-pero-no-son-tontos-y-los-abuelos-no-son-ninos-pero-tampoco-son-tontos\/","title":{"rendered":"Los ni\u00f1os son ni\u00f1os, pero no son tontos, y los abuelos no son ni\u00f1os, pero tampoco son tontos"},"content":{"rendered":"<p style=\"text-align: left;\">Buenas, soy Emilio Calatayud. Lo digo siempre: los ni\u00f1os son ni\u00f1os, pero no son tontos. Conviene tenerlo el cuenta desde que son beb\u00e9s para que no ocurra que los tontos se\u00e1is los padres.\u00a0 Y otra cuesti\u00f3n, los abuelos no son ni\u00f1os, pero tampoco son tontos. Lo digo porque, a veces, veo abuelos hartos de que est\u00e9n todo el rato pendientes de ellos como si fueran beb\u00e9s: toma esta mantita que hace fr\u00edo, descansa que est\u00e1s cansado, come esto y aquello no&#8230; Cari\u00f1o, todo el mundo, pero sin pasarnos.<\/p>\n","protected":false},"excerpt":{"rendered":"<p>Buenas, soy Emilio Calatayud. Lo digo siempre: los ni\u00f1os son ni\u00f1os, pero no son tontos. Conviene tenerlo el cuenta desde que son beb\u00e9s para que no ocurra que los tontos se\u00e1is los padres.\u00a0 Y otra cuesti\u00f3n, los abuelos no son ni\u00f1os, pero tampoco son tontos. Lo digo porque, a veces, veo abuelos hartos de que [&hellip;]<\/p>\n","protected":false},"author":1,"featured_media":13957,"comment_status":"open","ping_status":"open","sticky":false,"template":"","format":"standard","meta":{"jetpack_post_was_ever_published":false,"_jetpack_newsletter_access":"","_jetpack_dont_email_post_to_subs":false,"_jetpack_newsletter_tier_id":0,"_jetpack_memberships_contains_paywalled_content":false,"_jetpack_memberships_contains_paid_content":false,"footnotes":""},"categories":[],"tags":[1018,1,41],"class_list":["post-18834","post","type-post","status-publish","format-standard","has-post-thumbnail","hentry","tag-abuelos","tag-blog","tag-ninos"],"jetpack_featured_media_url":"https:\/\/www.granadablogs.com\/juezcalatayud\/wp-content\/uploads\/2020\/12\/Arboleda.jpg","jetpack_shortlink":"https:\/\/wp.me\/p5fzW5-4TM","jetpack-related-posts":[],"jetpack_sharing_enabled":true,"_links":{"self":[{"href":"https:\/\/www.granadablogs.com\/juezcalatayud\/wp-json\/wp\/v2\/posts\/18834","targetHints":{"allow":["GET"]}}],"collection":[{"href":"https:\/\/www.granadablogs.com\/juezcalatayud\/wp-json\/wp\/v2\/posts"}],"about":[{"href":"https:\/\/www.granadablogs.com\/juezcalatayud\/wp-json\/wp\/v2\/types\/post"}],"author":[{"embeddable":true,"href":"https:\/\/www.granadablogs.com\/juezcalatayud\/wp-json\/wp\/v2\/users\/1"}],"replies":[{"embeddable":true,"href":"https:\/\/www.granadablogs.com\/juezcalatayud\/wp-json\/wp\/v2\/comments?post=18834"}],"version-history":[{"count":3,"href":"https:\/\/www.granadablogs.com\/juezcalatayud\/wp-json\/wp\/v2\/posts\/18834\/revisions"}],"predecessor-version":[{"id":18843,"href":"https:\/\/www.granadablogs.com\/juezcalatayud\/wp-json\/wp\/v2\/posts\/18834\/revisions\/18843"}],"wp:featuredmedia":[{"embeddable":true,"href":"https:\/\/www.granadablogs.com\/juezcalatayud\/wp-json\/wp\/v2\/media\/13957"}],"wp:attachment":[{"href":"https:\/\/www.granadablogs.com\/juezcalatayud\/wp-json\/wp\/v2\/media?parent=18834"}],"wp:term":[{"taxonomy":"category","embeddable":true,"href":"https:\/\/www.granadablogs.com\/juezcalatayud\/wp-json\/wp\/v2\/categories?post=18834"},{"taxonomy":"post_tag","embeddable":true,"href":"https:\/\/www.granadablogs.com\/juezcalatayud\/wp-json\/wp\/v2\/tags?post=18834"}],"curies":[{"name":"wp","href":"https:\/\/api.w.org\/{rel}","templated":true}]}}