{"id":18831,"date":"2023-12-22T16:38:09","date_gmt":"2023-12-22T14:38:09","guid":{"rendered":"https:\/\/www.granadablogs.com\/juezcalatayud\/?p=18831"},"modified":"2023-12-22T16:38:09","modified_gmt":"2023-12-22T14:38:09","slug":"entre-los-canticos-de-los-ninos-de-san-ildefonso-don-emilio-cumple-hoy-68-anos","status":"publish","type":"post","link":"https:\/\/www.granadablogs.com\/juezcalatayud\/2023\/12\/entre-los-canticos-de-los-ninos-de-san-ildefonso-don-emilio-cumple-hoy-68-anos\/","title":{"rendered":"Entre los c\u00e1nticos de los ni\u00f1os de San Ildefonso, don Emilio cumple hoy 68 a\u00f1os"},"content":{"rendered":"<p>Holas, soy Carlos Mor\u00e1n, el compa\u00f1ero de blog y, sin embargo amigo, de don Emilio. Su se\u00f1or\u00eda cumple hoy 68 a\u00f1os, mientras suenan los c\u00e1nticos de los ni\u00f1os de San Ildefonso. No puede haber mejor banda sonora que esa. Muchas felicidades, amigo, y mucha salud.<\/p>\n<p>Si resulta agraciado con alg\u00fan premio de la Loter\u00eda, que fue lo que le ocurri\u00f3 a su madre cuando \u00e9l naci\u00f3, lo contaremos&#8230; o no, ja, ja, ja. Y felicidades, por supuesto, a todos lo que cumplen a\u00f1os el 22 de diciembre. Y a los premiados, claro.<\/p>\n","protected":false},"excerpt":{"rendered":"<p>Holas, soy Carlos Mor\u00e1n, el compa\u00f1ero de blog y, sin embargo amigo, de don Emilio. Su se\u00f1or\u00eda cumple hoy 68 a\u00f1os, mientras suenan los c\u00e1nticos de los ni\u00f1os de San Ildefonso. No puede haber mejor banda sonora que esa. Muchas felicidades, amigo, y mucha salud. Si resulta agraciado con alg\u00fan premio de la Loter\u00eda, que [&hellip;]<\/p>\n","protected":false},"author":3,"featured_media":11908,"comment_status":"open","ping_status":"open","sticky":false,"template":"","format":"standard","meta":{"jetpack_post_was_ever_published":false,"_jetpack_newsletter_access":"","_jetpack_dont_email_post_to_subs":false,"_jetpack_newsletter_tier_id":0,"_jetpack_memberships_contains_paywalled_content":false,"_jetpack_memberships_contains_paid_content":false,"footnotes":""},"categories":[],"tags":[803,12],"class_list":["post-18831","post","type-post","status-publish","format-standard","has-post-thumbnail","hentry","tag-cumpleanos","tag-don-emilio"],"jetpack_featured_media_url":"https:\/\/www.granadablogs.com\/juezcalatayud\/wp-content\/uploads\/2019\/12\/Belencito.jpg","jetpack_shortlink":"https:\/\/wp.me\/p5fzW5-4TJ","jetpack-related-posts":[],"jetpack_sharing_enabled":true,"_links":{"self":[{"href":"https:\/\/www.granadablogs.com\/juezcalatayud\/wp-json\/wp\/v2\/posts\/18831","targetHints":{"allow":["GET"]}}],"collection":[{"href":"https:\/\/www.granadablogs.com\/juezcalatayud\/wp-json\/wp\/v2\/posts"}],"about":[{"href":"https:\/\/www.granadablogs.com\/juezcalatayud\/wp-json\/wp\/v2\/types\/post"}],"author":[{"embeddable":true,"href":"https:\/\/www.granadablogs.com\/juezcalatayud\/wp-json\/wp\/v2\/users\/3"}],"replies":[{"embeddable":true,"href":"https:\/\/www.granadablogs.com\/juezcalatayud\/wp-json\/wp\/v2\/comments?post=18831"}],"version-history":[{"count":2,"href":"https:\/\/www.granadablogs.com\/juezcalatayud\/wp-json\/wp\/v2\/posts\/18831\/revisions"}],"predecessor-version":[{"id":18833,"href":"https:\/\/www.granadablogs.com\/juezcalatayud\/wp-json\/wp\/v2\/posts\/18831\/revisions\/18833"}],"wp:featuredmedia":[{"embeddable":true,"href":"https:\/\/www.granadablogs.com\/juezcalatayud\/wp-json\/wp\/v2\/media\/11908"}],"wp:attachment":[{"href":"https:\/\/www.granadablogs.com\/juezcalatayud\/wp-json\/wp\/v2\/media?parent=18831"}],"wp:term":[{"taxonomy":"category","embeddable":true,"href":"https:\/\/www.granadablogs.com\/juezcalatayud\/wp-json\/wp\/v2\/categories?post=18831"},{"taxonomy":"post_tag","embeddable":true,"href":"https:\/\/www.granadablogs.com\/juezcalatayud\/wp-json\/wp\/v2\/tags?post=18831"}],"curies":[{"name":"wp","href":"https:\/\/api.w.org\/{rel}","templated":true}]}}