{"id":18756,"date":"2023-12-07T20:59:42","date_gmt":"2023-12-07T18:59:42","guid":{"rendered":"https:\/\/www.granadablogs.com\/juezcalatayud\/?p=18756"},"modified":"2023-12-07T21:00:40","modified_gmt":"2023-12-07T19:00:40","slug":"una-sociedad-avanzada-es-aquella-en-la-que-los-jovenes-reclaman-derechos-y-obligaciones","status":"publish","type":"post","link":"https:\/\/www.granadablogs.com\/juezcalatayud\/2023\/12\/una-sociedad-avanzada-es-aquella-en-la-que-los-jovenes-reclaman-derechos-y-obligaciones\/","title":{"rendered":"Una sociedad avanzada es aquella en la que los j\u00f3venes reclaman derechos&#8230; y obligaciones"},"content":{"rendered":"<p>Buenas, soy Emilio Calatayud. Una sociedad avanzada no es la que tiene m\u00e1s nivel econ\u00f3mico. Una sociedad avanzada \u00a0es aquella en la que los j\u00f3venes reclaman derechos&#8230; y obligaciones. Bueno, los j\u00f3venes y los adultos. Habr\u00e1 quien piense que soy un ingenuo, y seguramente lleve raz\u00f3n, pero yo no descarto que en Espa\u00f1a haya en el futuro manifestaciones para exigir derechos y deberes. Entonces seremos una sociedad verdaderamente avanzada.<\/p>\n","protected":false},"excerpt":{"rendered":"<p>Buenas, soy Emilio Calatayud. Una sociedad avanzada no es la que tiene m\u00e1s nivel econ\u00f3mico. Una sociedad avanzada \u00a0es aquella en la que los j\u00f3venes reclaman derechos&#8230; y obligaciones. Bueno, los j\u00f3venes y los adultos. Habr\u00e1 quien piense que soy un ingenuo, y seguramente lleve raz\u00f3n, pero yo no descarto que en Espa\u00f1a haya en [&hellip;]<\/p>\n","protected":false},"author":1,"featured_media":11842,"comment_status":"open","ping_status":"open","sticky":false,"template":"","format":"standard","meta":{"jetpack_post_was_ever_published":false,"_jetpack_newsletter_access":"","_jetpack_dont_email_post_to_subs":false,"_jetpack_newsletter_tier_id":0,"_jetpack_memberships_contains_paywalled_content":false,"_jetpack_memberships_contains_paid_content":false,"footnotes":""},"categories":[],"tags":[88,625,1633],"class_list":["post-18756","post","type-post","status-publish","format-standard","has-post-thumbnail","hentry","tag-deberes","tag-derechos","tag-manifestacion"],"jetpack_featured_media_url":"https:\/\/www.granadablogs.com\/juezcalatayud\/wp-content\/uploads\/2019\/12\/Neu-jue.jpg","jetpack_shortlink":"https:\/\/wp.me\/p5fzW5-4Sw","jetpack-related-posts":[],"jetpack_sharing_enabled":true,"_links":{"self":[{"href":"https:\/\/www.granadablogs.com\/juezcalatayud\/wp-json\/wp\/v2\/posts\/18756","targetHints":{"allow":["GET"]}}],"collection":[{"href":"https:\/\/www.granadablogs.com\/juezcalatayud\/wp-json\/wp\/v2\/posts"}],"about":[{"href":"https:\/\/www.granadablogs.com\/juezcalatayud\/wp-json\/wp\/v2\/types\/post"}],"author":[{"embeddable":true,"href":"https:\/\/www.granadablogs.com\/juezcalatayud\/wp-json\/wp\/v2\/users\/1"}],"replies":[{"embeddable":true,"href":"https:\/\/www.granadablogs.com\/juezcalatayud\/wp-json\/wp\/v2\/comments?post=18756"}],"version-history":[{"count":2,"href":"https:\/\/www.granadablogs.com\/juezcalatayud\/wp-json\/wp\/v2\/posts\/18756\/revisions"}],"predecessor-version":[{"id":18758,"href":"https:\/\/www.granadablogs.com\/juezcalatayud\/wp-json\/wp\/v2\/posts\/18756\/revisions\/18758"}],"wp:featuredmedia":[{"embeddable":true,"href":"https:\/\/www.granadablogs.com\/juezcalatayud\/wp-json\/wp\/v2\/media\/11842"}],"wp:attachment":[{"href":"https:\/\/www.granadablogs.com\/juezcalatayud\/wp-json\/wp\/v2\/media?parent=18756"}],"wp:term":[{"taxonomy":"category","embeddable":true,"href":"https:\/\/www.granadablogs.com\/juezcalatayud\/wp-json\/wp\/v2\/categories?post=18756"},{"taxonomy":"post_tag","embeddable":true,"href":"https:\/\/www.granadablogs.com\/juezcalatayud\/wp-json\/wp\/v2\/tags?post=18756"}],"curies":[{"name":"wp","href":"https:\/\/api.w.org\/{rel}","templated":true}]}}