{"id":18481,"date":"2023-10-10T21:27:21","date_gmt":"2023-10-10T19:27:21","guid":{"rendered":"https:\/\/www.granadablogs.com\/juezcalatayud\/?p=18481"},"modified":"2023-10-10T21:27:21","modified_gmt":"2023-10-10T19:27:21","slug":"el-ies-los-neveros-de-huetor-vega-granada-prohibe-los-moviles-sera-bueno-para-la-salud-mental-de-ninos-y-profes","status":"publish","type":"post","link":"https:\/\/www.granadablogs.com\/juezcalatayud\/2023\/10\/el-ies-los-neveros-de-huetor-vega-granada-prohibe-los-moviles-sera-bueno-para-la-salud-mental-de-ninos-y-profes\/","title":{"rendered":"El IES los Neveros de Hu\u00e9tor Vega  (Granada) proh\u00edbe los m\u00f3viles, ser\u00e1 bueno para la salud mental de ni\u00f1os y profes"},"content":{"rendered":"<p>&nbsp;<\/p>\n<p><a href=\"https:\/\/www.granadablogs.com\/juezcalatayud\/wp-content\/uploads\/2018\/08\/emilio-calatayud.jpg\"><img loading=\"lazy\" decoding=\"async\" class=\"alignnone size-full wp-image-9067\" src=\"https:\/\/www.granadablogs.com\/juezcalatayud\/wp-content\/uploads\/2018\/08\/emilio-calatayud.jpg\" alt=\"\" width=\"624\" height=\"385\" srcset=\"https:\/\/www.granadablogs.com\/juezcalatayud\/wp-content\/uploads\/2018\/08\/emilio-calatayud.jpg 624w, https:\/\/www.granadablogs.com\/juezcalatayud\/wp-content\/uploads\/2018\/08\/emilio-calatayud-300x185.jpg 300w\" sizes=\"auto, (max-width: 624px) 100vw, 624px\" \/><\/a><\/p>\n<p>Buenas, soy Emilio Calatayud. No quiero que se me pase y por eso hay doble comentario. El Instituto Los Neveros de Hu\u00e9tor Vega (Granada) ha prohibido los m\u00f3viles. Ya que estamos el d\u00eda, ser\u00e1 bueno para la salud mental de los alumnos y los profes. Cada vez son m\u00e1s los centros educativos que lo est\u00e1n haciendo en toda Espa\u00f1a.<\/p>\n","protected":false},"excerpt":{"rendered":"<p>&nbsp; Buenas, soy Emilio Calatayud. No quiero que se me pase y por eso hay doble comentario. El Instituto Los Neveros de Hu\u00e9tor Vega (Granada) ha prohibido los m\u00f3viles. Ya que estamos el d\u00eda, ser\u00e1 bueno para la salud mental de los alumnos y los profes. Cada vez son m\u00e1s los centros educativos que lo [&hellip;]<\/p>\n","protected":false},"author":1,"featured_media":0,"comment_status":"open","ping_status":"open","sticky":false,"template":"","format":"standard","meta":{"jetpack_post_was_ever_published":false,"_jetpack_newsletter_access":"","_jetpack_dont_email_post_to_subs":false,"_jetpack_newsletter_tier_id":0,"_jetpack_memberships_contains_paywalled_content":false,"_jetpack_memberships_contains_paid_content":false,"footnotes":""},"categories":[],"tags":[3544,3545,237,3546],"class_list":["post-18481","post","type-post","status-publish","format-standard","hentry","tag-ies","tag-los-neveros","tag-moviles","tag-prohibe"],"jetpack_featured_media_url":"","jetpack_shortlink":"https:\/\/wp.me\/p5fzW5-4O5","jetpack-related-posts":[],"jetpack_sharing_enabled":true,"_links":{"self":[{"href":"https:\/\/www.granadablogs.com\/juezcalatayud\/wp-json\/wp\/v2\/posts\/18481","targetHints":{"allow":["GET"]}}],"collection":[{"href":"https:\/\/www.granadablogs.com\/juezcalatayud\/wp-json\/wp\/v2\/posts"}],"about":[{"href":"https:\/\/www.granadablogs.com\/juezcalatayud\/wp-json\/wp\/v2\/types\/post"}],"author":[{"embeddable":true,"href":"https:\/\/www.granadablogs.com\/juezcalatayud\/wp-json\/wp\/v2\/users\/1"}],"replies":[{"embeddable":true,"href":"https:\/\/www.granadablogs.com\/juezcalatayud\/wp-json\/wp\/v2\/comments?post=18481"}],"version-history":[{"count":2,"href":"https:\/\/www.granadablogs.com\/juezcalatayud\/wp-json\/wp\/v2\/posts\/18481\/revisions"}],"predecessor-version":[{"id":18483,"href":"https:\/\/www.granadablogs.com\/juezcalatayud\/wp-json\/wp\/v2\/posts\/18481\/revisions\/18483"}],"wp:attachment":[{"href":"https:\/\/www.granadablogs.com\/juezcalatayud\/wp-json\/wp\/v2\/media?parent=18481"}],"wp:term":[{"taxonomy":"category","embeddable":true,"href":"https:\/\/www.granadablogs.com\/juezcalatayud\/wp-json\/wp\/v2\/categories?post=18481"},{"taxonomy":"post_tag","embeddable":true,"href":"https:\/\/www.granadablogs.com\/juezcalatayud\/wp-json\/wp\/v2\/tags?post=18481"}],"curies":[{"name":"wp","href":"https:\/\/api.w.org\/{rel}","templated":true}]}}