{"id":18478,"date":"2023-10-10T17:24:49","date_gmt":"2023-10-10T15:24:49","guid":{"rendered":"https:\/\/www.granadablogs.com\/juezcalatayud\/?p=18478"},"modified":"2023-10-10T17:24:49","modified_gmt":"2023-10-10T15:24:49","slug":"en-el-dia-mundial-de-la-salud-mental-chavales-no-perdais-la-cabeza-por-la-marihuana","status":"publish","type":"post","link":"https:\/\/www.granadablogs.com\/juezcalatayud\/2023\/10\/en-el-dia-mundial-de-la-salud-mental-chavales-no-perdais-la-cabeza-por-la-marihuana\/","title":{"rendered":"En el D\u00eda Mundial de la Salud Mental, chavales, no perd\u00e1is la cabeza por la marihuana"},"content":{"rendered":"<p>&nbsp;<\/p>\n<figure id=\"attachment_18131\" aria-describedby=\"caption-attachment-18131\" style=\"width: 1374px\" class=\"wp-caption alignnone\"><a href=\"https:\/\/www.granadablogs.com\/juezcalatayud\/wp-content\/uploads\/2023\/07\/Juez-calatayud-Alfredo-Aguilar.jpg\"><img loading=\"lazy\" decoding=\"async\" class=\"size-full wp-image-18131\" src=\"https:\/\/www.granadablogs.com\/juezcalatayud\/wp-content\/uploads\/2023\/07\/Juez-calatayud-Alfredo-Aguilar.jpg\" alt=\"\" width=\"1374\" height=\"916\" srcset=\"https:\/\/www.granadablogs.com\/juezcalatayud\/wp-content\/uploads\/2023\/07\/Juez-calatayud-Alfredo-Aguilar.jpg 1374w, https:\/\/www.granadablogs.com\/juezcalatayud\/wp-content\/uploads\/2023\/07\/Juez-calatayud-Alfredo-Aguilar-300x200.jpg 300w, https:\/\/www.granadablogs.com\/juezcalatayud\/wp-content\/uploads\/2023\/07\/Juez-calatayud-Alfredo-Aguilar-644x429.jpg 644w, https:\/\/www.granadablogs.com\/juezcalatayud\/wp-content\/uploads\/2023\/07\/Juez-calatayud-Alfredo-Aguilar-768x512.jpg 768w\" sizes=\"auto, (max-width: 1374px) 100vw, 1374px\" \/><\/a><figcaption id=\"caption-attachment-18131\" class=\"wp-caption-text\">Foto: Alfredo Aguilar<\/figcaption><\/figure>\n<p>Buenas, soy Emilio Calatayud. Hoy es el D\u00eda Mundial de la Salud Mental y aprovecho la conmemoraci\u00f3n para dar un mensaje: chavales, no perd\u00e1is la cabeza por la marihuana. Lo digo con conocimiento de causa.\u00a0 Por mi juzgado han pasado un buen n\u00famero de chicos con serios problemas mentales por fumar &#8216;mar\u00eda&#8217;, que es una droga que est\u00e1 por todas partes y\u00a0 todav\u00eda hay quien defiende que es inofensiva. No es verdad.\u00a0 Yo he conocido adolescentes que tienen la mirada asustada y perdida por consumir cannabis, que o\u00edan voces o se volv\u00edan violentos contra sus seres queridos&#8230; Sus padres tambi\u00e9n estaban asustados y perdidos.<\/p>\n<p>Un abrazo para todas las familias y asociaciones que cuidan de las personas que sufren enfermedades mentales.<\/p>\n","protected":false},"excerpt":{"rendered":"<p>&nbsp; Buenas, soy Emilio Calatayud. Hoy es el D\u00eda Mundial de la Salud Mental y aprovecho la conmemoraci\u00f3n para dar un mensaje: chavales, no perd\u00e1is la cabeza por la marihuana. Lo digo con conocimiento de causa.\u00a0 Por mi juzgado han pasado un buen n\u00famero de chicos con serios problemas mentales por fumar &#8216;mar\u00eda&#8217;, que es [&hellip;]<\/p>\n","protected":false},"author":1,"featured_media":0,"comment_status":"open","ping_status":"open","sticky":false,"template":"","format":"standard","meta":{"jetpack_post_was_ever_published":false,"_jetpack_newsletter_access":"","_jetpack_dont_email_post_to_subs":false,"_jetpack_newsletter_tier_id":0,"_jetpack_memberships_contains_paywalled_content":false,"_jetpack_memberships_contains_paid_content":false,"footnotes":""},"categories":[],"tags":[624,681,877,433],"class_list":["post-18478","post","type-post","status-publish","format-standard","hentry","tag-dia","tag-mental","tag-mundial","tag-salud"],"jetpack_featured_media_url":"","jetpack_shortlink":"https:\/\/wp.me\/p5fzW5-4O2","jetpack-related-posts":[],"jetpack_sharing_enabled":true,"_links":{"self":[{"href":"https:\/\/www.granadablogs.com\/juezcalatayud\/wp-json\/wp\/v2\/posts\/18478","targetHints":{"allow":["GET"]}}],"collection":[{"href":"https:\/\/www.granadablogs.com\/juezcalatayud\/wp-json\/wp\/v2\/posts"}],"about":[{"href":"https:\/\/www.granadablogs.com\/juezcalatayud\/wp-json\/wp\/v2\/types\/post"}],"author":[{"embeddable":true,"href":"https:\/\/www.granadablogs.com\/juezcalatayud\/wp-json\/wp\/v2\/users\/1"}],"replies":[{"embeddable":true,"href":"https:\/\/www.granadablogs.com\/juezcalatayud\/wp-json\/wp\/v2\/comments?post=18478"}],"version-history":[{"count":2,"href":"https:\/\/www.granadablogs.com\/juezcalatayud\/wp-json\/wp\/v2\/posts\/18478\/revisions"}],"predecessor-version":[{"id":18480,"href":"https:\/\/www.granadablogs.com\/juezcalatayud\/wp-json\/wp\/v2\/posts\/18478\/revisions\/18480"}],"wp:attachment":[{"href":"https:\/\/www.granadablogs.com\/juezcalatayud\/wp-json\/wp\/v2\/media?parent=18478"}],"wp:term":[{"taxonomy":"category","embeddable":true,"href":"https:\/\/www.granadablogs.com\/juezcalatayud\/wp-json\/wp\/v2\/categories?post=18478"},{"taxonomy":"post_tag","embeddable":true,"href":"https:\/\/www.granadablogs.com\/juezcalatayud\/wp-json\/wp\/v2\/tags?post=18478"}],"curies":[{"name":"wp","href":"https:\/\/api.w.org\/{rel}","templated":true}]}}