{"id":1837,"date":"2012-05-09T14:04:07","date_gmt":"2012-05-09T13:04:07","guid":{"rendered":"http:\/\/www.granadablogs.com\/juezcalatayud\/?p=1837"},"modified":"2012-05-09T14:04:07","modified_gmt":"2012-05-09T13:04:07","slug":"gracias-por-condenar-a-mi-hijo","status":"publish","type":"post","link":"https:\/\/www.granadablogs.com\/juezcalatayud\/2012\/05\/gracias-por-condenar-a-mi-hijo\/","title":{"rendered":"\u00abGracias por condenar a mi hijo\u00bb"},"content":{"rendered":"<p>Buenas, soy Emilio Calatayud. Hace unos d\u00edas juzgamos y condenamos siete veces en una ma\u00f1ana al mismo chaval (y creo que todav\u00eda le quedan cuatro o cinco m\u00e1s, adem\u00e1s de otras condenas que tiene el Juzgado de Menores 2 de aqu\u00ed de Granada). En total, le cayeron 36 meses de internamiento (y otros tantos de libertad vigilada) por varios delitos de robos con violencia, sobre todo, tirones. Cuando acabamos los siete juicios se me acerc\u00f3 su madre y me dijo: \u00abGracias por condenar a mi hijo\u00bb. Me ha pasado alguna vez \u00a0m\u00e1s (en Mis sentencias ejemplares contamos alg\u00fan caso parecido), pero no por eso te deja de impresionar. \u00a1C\u00f3mo se sentir\u00eda esa madre para dar las gracias porque lo encierren! Y hasta hace poco no era un mal chaval. Antes viv\u00edan en otro lugar de Espa\u00f1a y cuando vinieron a Granada, el ni\u00f1o tuvo &#8216;malas juntas&#8217;, malas compa\u00f1\u00edas, y empez\u00f3 a meterse en l\u00edos&#8230; A pesar de todo, yo creo que este chaval va a salir adelante.<\/p>\n","protected":false},"excerpt":{"rendered":"<p>Buenas, soy Emilio Calatayud. Hace unos d\u00edas juzgamos y condenamos siete veces en una ma\u00f1ana al mismo chaval (y creo que todav\u00eda le quedan cuatro o cinco m\u00e1s, adem\u00e1s de otras condenas que tiene el Juzgado de Menores 2 de aqu\u00ed de Granada). En total, le cayeron 36 meses de internamiento (y otros tantos de [&hellip;]<\/p>\n","protected":false},"author":2,"featured_media":0,"comment_status":"open","ping_status":"open","sticky":false,"template":"","format":"standard","meta":{"jetpack_post_was_ever_published":false,"_jetpack_newsletter_access":"","_jetpack_dont_email_post_to_subs":false,"_jetpack_newsletter_tier_id":0,"_jetpack_memberships_contains_paywalled_content":false,"_jetpack_memberships_contains_paid_content":false,"footnotes":""},"categories":[1],"tags":[398,397,399],"class_list":["post-1837","post","type-post","status-publish","format-standard","hentry","category-blog","tag-condenar","tag-gracias","tag-hijo"],"jetpack_featured_media_url":"","jetpack_shortlink":"https:\/\/wp.me\/p5fzW5-tD","jetpack-related-posts":[],"jetpack_sharing_enabled":true,"_links":{"self":[{"href":"https:\/\/www.granadablogs.com\/juezcalatayud\/wp-json\/wp\/v2\/posts\/1837","targetHints":{"allow":["GET"]}}],"collection":[{"href":"https:\/\/www.granadablogs.com\/juezcalatayud\/wp-json\/wp\/v2\/posts"}],"about":[{"href":"https:\/\/www.granadablogs.com\/juezcalatayud\/wp-json\/wp\/v2\/types\/post"}],"author":[{"embeddable":true,"href":"https:\/\/www.granadablogs.com\/juezcalatayud\/wp-json\/wp\/v2\/users\/2"}],"replies":[{"embeddable":true,"href":"https:\/\/www.granadablogs.com\/juezcalatayud\/wp-json\/wp\/v2\/comments?post=1837"}],"version-history":[{"count":2,"href":"https:\/\/www.granadablogs.com\/juezcalatayud\/wp-json\/wp\/v2\/posts\/1837\/revisions"}],"predecessor-version":[{"id":1839,"href":"https:\/\/www.granadablogs.com\/juezcalatayud\/wp-json\/wp\/v2\/posts\/1837\/revisions\/1839"}],"wp:attachment":[{"href":"https:\/\/www.granadablogs.com\/juezcalatayud\/wp-json\/wp\/v2\/media?parent=1837"}],"wp:term":[{"taxonomy":"category","embeddable":true,"href":"https:\/\/www.granadablogs.com\/juezcalatayud\/wp-json\/wp\/v2\/categories?post=1837"},{"taxonomy":"post_tag","embeddable":true,"href":"https:\/\/www.granadablogs.com\/juezcalatayud\/wp-json\/wp\/v2\/tags?post=1837"}],"curies":[{"name":"wp","href":"https:\/\/api.w.org\/{rel}","templated":true}]}}