{"id":18341,"date":"2023-09-10T20:06:18","date_gmt":"2023-09-10T18:06:18","guid":{"rendered":"https:\/\/www.granadablogs.com\/juezcalatayud\/?p=18341"},"modified":"2023-09-10T20:06:18","modified_gmt":"2023-09-10T18:06:18","slug":"ninos-que-volveis-a-las-aulas-nunca-me-gusto-el-colegio-pero-llegue-a-juez","status":"publish","type":"post","link":"https:\/\/www.granadablogs.com\/juezcalatayud\/2023\/09\/ninos-que-volveis-a-las-aulas-nunca-me-gusto-el-colegio-pero-llegue-a-juez\/","title":{"rendered":"Ni\u00f1os que volv\u00e9is a las aulas, nunca me gust\u00f3 el colegio pero llegu\u00e9 a juez"},"content":{"rendered":"<p style=\"padding-left: 80px;\">\n<figure id=\"attachment_10620\" aria-describedby=\"caption-attachment-10620\" style=\"width: 3307px\" class=\"wp-caption alignnone\"><a href=\"https:\/\/www.granadablogs.com\/juezcalatayud\/wp-content\/uploads\/2019\/05\/Corte.jpg\"><img loading=\"lazy\" decoding=\"async\" class=\"size-full wp-image-10620\" src=\"https:\/\/www.granadablogs.com\/juezcalatayud\/wp-content\/uploads\/2019\/05\/Corte.jpg\" alt=\"\" width=\"3307\" height=\"2205\" srcset=\"https:\/\/www.granadablogs.com\/juezcalatayud\/wp-content\/uploads\/2019\/05\/Corte.jpg 3307w, https:\/\/www.granadablogs.com\/juezcalatayud\/wp-content\/uploads\/2019\/05\/Corte-300x200.jpg 300w, https:\/\/www.granadablogs.com\/juezcalatayud\/wp-content\/uploads\/2019\/05\/Corte-768x512.jpg 768w, https:\/\/www.granadablogs.com\/juezcalatayud\/wp-content\/uploads\/2019\/05\/Corte-644x429.jpg 644w\" sizes=\"auto, (max-width: 3307px) 100vw, 3307px\" \/><\/a><figcaption id=\"caption-attachment-10620\" class=\"wp-caption-text\">Foto: Ram\u00f3n L. P\u00e9rez<\/figcaption><\/figure>\n<p>Buenas, soy Emilio Calatayud. Si no me falla la memoria, ma\u00f1ana empiezan las clases de Primaria en Andaluc\u00eda (es que como en cada autonom\u00eda es diferente, cuesta aclararse). Pues nada, queridos ni\u00f1os que volv\u00e9is a las aulas, nunca me gust\u00f3 el colegio, o sea, que fui un ni\u00f1o normal, ja, ja, ja. Pero llegu\u00e9 a ser juez. Venga, que ya falta menos para las vacaciones de Navidad.<\/p>\n","protected":false},"excerpt":{"rendered":"<p>Buenas, soy Emilio Calatayud. Si no me falla la memoria, ma\u00f1ana empiezan las clases de Primaria en Andaluc\u00eda (es que como en cada autonom\u00eda es diferente, cuesta aclararse). Pues nada, queridos ni\u00f1os que volv\u00e9is a las aulas, nunca me gust\u00f3 el colegio, o sea, que fui un ni\u00f1o normal, ja, ja, ja. Pero llegu\u00e9 a [&hellip;]<\/p>\n","protected":false},"author":1,"featured_media":0,"comment_status":"open","ping_status":"open","sticky":false,"template":"","format":"standard","meta":{"jetpack_post_was_ever_published":false,"_jetpack_newsletter_access":"","_jetpack_dont_email_post_to_subs":false,"_jetpack_newsletter_tier_id":0,"_jetpack_memberships_contains_paywalled_content":false,"_jetpack_memberships_contains_paid_content":false,"footnotes":""},"categories":[],"tags":[293,522,1259],"class_list":["post-18341","post","type-post","status-publish","format-standard","hentry","tag-colegio","tag-juez","tag-primaria"],"jetpack_featured_media_url":"","jetpack_shortlink":"https:\/\/wp.me\/p5fzW5-4LP","jetpack-related-posts":[],"jetpack_sharing_enabled":true,"_links":{"self":[{"href":"https:\/\/www.granadablogs.com\/juezcalatayud\/wp-json\/wp\/v2\/posts\/18341","targetHints":{"allow":["GET"]}}],"collection":[{"href":"https:\/\/www.granadablogs.com\/juezcalatayud\/wp-json\/wp\/v2\/posts"}],"about":[{"href":"https:\/\/www.granadablogs.com\/juezcalatayud\/wp-json\/wp\/v2\/types\/post"}],"author":[{"embeddable":true,"href":"https:\/\/www.granadablogs.com\/juezcalatayud\/wp-json\/wp\/v2\/users\/1"}],"replies":[{"embeddable":true,"href":"https:\/\/www.granadablogs.com\/juezcalatayud\/wp-json\/wp\/v2\/comments?post=18341"}],"version-history":[{"count":7,"href":"https:\/\/www.granadablogs.com\/juezcalatayud\/wp-json\/wp\/v2\/posts\/18341\/revisions"}],"predecessor-version":[{"id":18348,"href":"https:\/\/www.granadablogs.com\/juezcalatayud\/wp-json\/wp\/v2\/posts\/18341\/revisions\/18348"}],"wp:attachment":[{"href":"https:\/\/www.granadablogs.com\/juezcalatayud\/wp-json\/wp\/v2\/media?parent=18341"}],"wp:term":[{"taxonomy":"category","embeddable":true,"href":"https:\/\/www.granadablogs.com\/juezcalatayud\/wp-json\/wp\/v2\/categories?post=18341"},{"taxonomy":"post_tag","embeddable":true,"href":"https:\/\/www.granadablogs.com\/juezcalatayud\/wp-json\/wp\/v2\/tags?post=18341"}],"curies":[{"name":"wp","href":"https:\/\/api.w.org\/{rel}","templated":true}]}}