{"id":18315,"date":"2023-09-03T20:04:15","date_gmt":"2023-09-03T18:04:15","guid":{"rendered":"https:\/\/www.granadablogs.com\/juezcalatayud\/?p=18315"},"modified":"2023-09-03T20:05:17","modified_gmt":"2023-09-03T18:05:17","slug":"peor-que-el-sindrome-de-nido-vacio-es-que-los-pajaros-se-hagan-ninis-y-no-vuelen-del-nido-hasta-los-40-anos-digo-yo","status":"publish","type":"post","link":"https:\/\/www.granadablogs.com\/juezcalatayud\/2023\/09\/peor-que-el-sindrome-de-nido-vacio-es-que-los-pajaros-se-hagan-ninis-y-no-vuelen-del-nido-hasta-los-40-anos-digo-yo\/","title":{"rendered":"Peor que el s\u00edndrome del nido vac\u00edo es que los p\u00e1jaros se hagan ninis y no vuelen del nido hasta los 40 a\u00f1os, digo yo"},"content":{"rendered":"<figure id=\"attachment_8713\" aria-describedby=\"caption-attachment-8713\" style=\"width: 575px\" class=\"wp-caption alignnone\"><a href=\"https:\/\/www.granadablogs.com\/juezcalatayud\/wp-content\/uploads\/2018\/06\/Notas-emi.jpg\"><img loading=\"lazy\" decoding=\"async\" class=\"size-full wp-image-8713\" src=\"https:\/\/www.granadablogs.com\/juezcalatayud\/wp-content\/uploads\/2018\/06\/Notas-emi.jpg\" alt=\"\" width=\"575\" height=\"323\" srcset=\"https:\/\/www.granadablogs.com\/juezcalatayud\/wp-content\/uploads\/2018\/06\/Notas-emi.jpg 575w, https:\/\/www.granadablogs.com\/juezcalatayud\/wp-content\/uploads\/2018\/06\/Notas-emi-300x169.jpg 300w\" sizes=\"auto, (max-width: 575px) 100vw, 575px\" \/><\/a><figcaption id=\"caption-attachment-8713\" class=\"wp-caption-text\">xlsemanal.com<\/figcaption><\/figure>\n<p>Buenas, soy Emilio Calatayud. En Granada tambi\u00e9n est\u00e1 lloviendo pero no a lo bestia. Se agradece despu\u00e9s de tanta &#8216;cal\u00f3&#8217;. A lo que vamos, se est\u00e1 hablando mucho sobre la posibilidad de que los Reyes est\u00e9n sufriendo el s\u00edndrome del nido vac\u00edo porque la Princesa y la Infanta se han ido del palacio. El tal s\u00edndrome ser\u00eda como una especie de depresi\u00f3n ligera causada por la ausencia de los hijos. Pues peor que el s\u00edndrome de nido vac\u00edo es que los p\u00e1jaros se hagan ninis y no vuelen de nido hasta cumplir los 40 a\u00f1os, digo yo. Casos hay y no son pocos.<\/p>\n","protected":false},"excerpt":{"rendered":"<p>Buenas, soy Emilio Calatayud. En Granada tambi\u00e9n est\u00e1 lloviendo pero no a lo bestia. Se agradece despu\u00e9s de tanta &#8216;cal\u00f3&#8217;. A lo que vamos, se est\u00e1 hablando mucho sobre la posibilidad de que los Reyes est\u00e9n sufriendo el s\u00edndrome del nido vac\u00edo porque la Princesa y la Infanta se han ido del palacio. El tal [&hellip;]<\/p>\n","protected":false},"author":1,"featured_media":0,"comment_status":"open","ping_status":"open","sticky":false,"template":"","format":"standard","meta":{"jetpack_post_was_ever_published":false,"_jetpack_newsletter_access":"","_jetpack_dont_email_post_to_subs":false,"_jetpack_newsletter_tier_id":0,"_jetpack_memberships_contains_paywalled_content":false,"_jetpack_memberships_contains_paid_content":false,"footnotes":""},"categories":[],"tags":[449,2187,3521],"class_list":["post-18315","post","type-post","status-publish","format-standard","hentry","tag-nido","tag-sindrome","tag-vacio"],"jetpack_featured_media_url":"","jetpack_shortlink":"https:\/\/wp.me\/p5fzW5-4Lp","jetpack-related-posts":[],"jetpack_sharing_enabled":true,"_links":{"self":[{"href":"https:\/\/www.granadablogs.com\/juezcalatayud\/wp-json\/wp\/v2\/posts\/18315","targetHints":{"allow":["GET"]}}],"collection":[{"href":"https:\/\/www.granadablogs.com\/juezcalatayud\/wp-json\/wp\/v2\/posts"}],"about":[{"href":"https:\/\/www.granadablogs.com\/juezcalatayud\/wp-json\/wp\/v2\/types\/post"}],"author":[{"embeddable":true,"href":"https:\/\/www.granadablogs.com\/juezcalatayud\/wp-json\/wp\/v2\/users\/1"}],"replies":[{"embeddable":true,"href":"https:\/\/www.granadablogs.com\/juezcalatayud\/wp-json\/wp\/v2\/comments?post=18315"}],"version-history":[{"count":3,"href":"https:\/\/www.granadablogs.com\/juezcalatayud\/wp-json\/wp\/v2\/posts\/18315\/revisions"}],"predecessor-version":[{"id":18318,"href":"https:\/\/www.granadablogs.com\/juezcalatayud\/wp-json\/wp\/v2\/posts\/18315\/revisions\/18318"}],"wp:attachment":[{"href":"https:\/\/www.granadablogs.com\/juezcalatayud\/wp-json\/wp\/v2\/media?parent=18315"}],"wp:term":[{"taxonomy":"category","embeddable":true,"href":"https:\/\/www.granadablogs.com\/juezcalatayud\/wp-json\/wp\/v2\/categories?post=18315"},{"taxonomy":"post_tag","embeddable":true,"href":"https:\/\/www.granadablogs.com\/juezcalatayud\/wp-json\/wp\/v2\/tags?post=18315"}],"curies":[{"name":"wp","href":"https:\/\/api.w.org\/{rel}","templated":true}]}}