{"id":18232,"date":"2023-08-13T20:03:40","date_gmt":"2023-08-13T18:03:40","guid":{"rendered":"https:\/\/www.granadablogs.com\/juezcalatayud\/?p=18232"},"modified":"2023-08-13T20:03:40","modified_gmt":"2023-08-13T18:03:40","slug":"en-espana-pasamos-de-tratar-de-usted-a-los-padres-a-hacernos-amigos-de-nuestros-hijos","status":"publish","type":"post","link":"https:\/\/www.granadablogs.com\/juezcalatayud\/2023\/08\/en-espana-pasamos-de-tratar-de-usted-a-los-padres-a-hacernos-amigos-de-nuestros-hijos\/","title":{"rendered":"En Espa\u00f1a pasamos de tratar de usted a los padres a hacernos amigos de nuestros hijos"},"content":{"rendered":"<figure id=\"attachment_13234\" aria-describedby=\"caption-attachment-13234\" style=\"width: 6394px\" class=\"wp-caption alignnone\"><a href=\"https:\/\/www.granadablogs.com\/juezcalatayud\/wp-content\/uploads\/2020\/07\/Emil-nueva-tres-1.jpg\"><img loading=\"lazy\" decoding=\"async\" class=\"size-full wp-image-13234\" src=\"https:\/\/www.granadablogs.com\/juezcalatayud\/wp-content\/uploads\/2020\/07\/Emil-nueva-tres-1.jpg\" alt=\"\" width=\"6394\" height=\"4263\" srcset=\"https:\/\/www.granadablogs.com\/juezcalatayud\/wp-content\/uploads\/2020\/07\/Emil-nueva-tres-1.jpg 6394w, https:\/\/www.granadablogs.com\/juezcalatayud\/wp-content\/uploads\/2020\/07\/Emil-nueva-tres-1-300x200.jpg 300w, https:\/\/www.granadablogs.com\/juezcalatayud\/wp-content\/uploads\/2020\/07\/Emil-nueva-tres-1-768x512.jpg 768w, https:\/\/www.granadablogs.com\/juezcalatayud\/wp-content\/uploads\/2020\/07\/Emil-nueva-tres-1-644x429.jpg 644w\" sizes=\"auto, (max-width: 6394px) 100vw, 6394px\" \/><\/a><figcaption id=\"caption-attachment-13234\" class=\"wp-caption-text\">Foto: Pepe Mar\u00edn<\/figcaption><\/figure>\n<p>Buenas, soy Emilio Calatayud. Antiguamente, pero no hace tanto, los hijos trataban de usted a los padres. Eso pasaba aqu\u00ed en Espa\u00f1a. Y era normal. En lugar de &#8216;papi&#8217; o &#8216;mami&#8217;\u00a0 se dec\u00eda &#8216;padre&#8217; o &#8216;madre&#8217; y el &#8216;usted&#8217; siempre al lado. Pues de ah\u00ed pasamos a hacernos amigos de nuestros hijos.\u00a0 Podr\u00edamos habernos quedado en el t\u00e9rmino medio, pero no, ten\u00edamos que innovar m\u00e1s que nadie.<\/p>\n","protected":false},"excerpt":{"rendered":"<p>Buenas, soy Emilio Calatayud. Antiguamente, pero no hace tanto, los hijos trataban de usted a los padres. Eso pasaba aqu\u00ed en Espa\u00f1a. Y era normal. En lugar de &#8216;papi&#8217; o &#8216;mami&#8217;\u00a0 se dec\u00eda &#8216;padre&#8217; o &#8216;madre&#8217; y el &#8216;usted&#8217; siempre al lado. Pues de ah\u00ed pasamos a hacernos amigos de nuestros hijos.\u00a0 Podr\u00edamos habernos quedado [&hellip;]<\/p>\n","protected":false},"author":1,"featured_media":0,"comment_status":"open","ping_status":"open","sticky":false,"template":"","format":"standard","meta":{"jetpack_post_was_ever_published":false,"_jetpack_newsletter_access":"","_jetpack_dont_email_post_to_subs":false,"_jetpack_newsletter_tier_id":0,"_jetpack_memberships_contains_paywalled_content":false,"_jetpack_memberships_contains_paid_content":false,"footnotes":""},"categories":[],"tags":[90,1702],"class_list":["post-18232","post","type-post","status-publish","format-standard","hentry","tag-padres","tag-usted"],"jetpack_featured_media_url":"","jetpack_shortlink":"https:\/\/wp.me\/p5fzW5-4K4","jetpack-related-posts":[],"jetpack_sharing_enabled":true,"_links":{"self":[{"href":"https:\/\/www.granadablogs.com\/juezcalatayud\/wp-json\/wp\/v2\/posts\/18232","targetHints":{"allow":["GET"]}}],"collection":[{"href":"https:\/\/www.granadablogs.com\/juezcalatayud\/wp-json\/wp\/v2\/posts"}],"about":[{"href":"https:\/\/www.granadablogs.com\/juezcalatayud\/wp-json\/wp\/v2\/types\/post"}],"author":[{"embeddable":true,"href":"https:\/\/www.granadablogs.com\/juezcalatayud\/wp-json\/wp\/v2\/users\/1"}],"replies":[{"embeddable":true,"href":"https:\/\/www.granadablogs.com\/juezcalatayud\/wp-json\/wp\/v2\/comments?post=18232"}],"version-history":[{"count":1,"href":"https:\/\/www.granadablogs.com\/juezcalatayud\/wp-json\/wp\/v2\/posts\/18232\/revisions"}],"predecessor-version":[{"id":18233,"href":"https:\/\/www.granadablogs.com\/juezcalatayud\/wp-json\/wp\/v2\/posts\/18232\/revisions\/18233"}],"wp:attachment":[{"href":"https:\/\/www.granadablogs.com\/juezcalatayud\/wp-json\/wp\/v2\/media?parent=18232"}],"wp:term":[{"taxonomy":"category","embeddable":true,"href":"https:\/\/www.granadablogs.com\/juezcalatayud\/wp-json\/wp\/v2\/categories?post=18232"},{"taxonomy":"post_tag","embeddable":true,"href":"https:\/\/www.granadablogs.com\/juezcalatayud\/wp-json\/wp\/v2\/tags?post=18232"}],"curies":[{"name":"wp","href":"https:\/\/api.w.org\/{rel}","templated":true}]}}