{"id":18050,"date":"2023-07-07T19:39:39","date_gmt":"2023-07-07T17:39:39","guid":{"rendered":"https:\/\/www.granadablogs.com\/juezcalatayud\/?p=18050"},"modified":"2023-07-07T19:39:39","modified_gmt":"2023-07-07T17:39:39","slug":"me-apiado-del-bebe-muerto-en-un-coche-al-parecer-por-un-tragico-olvido-y-de-sus-padres","status":"publish","type":"post","link":"https:\/\/www.granadablogs.com\/juezcalatayud\/2023\/07\/me-apiado-del-bebe-muerto-en-un-coche-al-parecer-por-un-tragico-olvido-y-de-sus-padres\/","title":{"rendered":"Me apiado del beb\u00e9 muerto en un coche, al parecer, por un tr\u00e1gico olvido y de sus padres"},"content":{"rendered":"<p>&nbsp;<\/p>\n<figure id=\"attachment_11798\" aria-describedby=\"caption-attachment-11798\" style=\"width: 2362px\" class=\"wp-caption alignnone\"><a href=\"https:\/\/www.granadablogs.com\/juezcalatayud\/wp-content\/uploads\/2019\/12\/Emilio-nuevas.jpg\"><img loading=\"lazy\" decoding=\"async\" class=\"size-full wp-image-11798\" src=\"https:\/\/www.granadablogs.com\/juezcalatayud\/wp-content\/uploads\/2019\/12\/Emilio-nuevas.jpg\" alt=\"\" width=\"2362\" height=\"1575\" srcset=\"https:\/\/www.granadablogs.com\/juezcalatayud\/wp-content\/uploads\/2019\/12\/Emilio-nuevas.jpg 2362w, https:\/\/www.granadablogs.com\/juezcalatayud\/wp-content\/uploads\/2019\/12\/Emilio-nuevas-300x200.jpg 300w, https:\/\/www.granadablogs.com\/juezcalatayud\/wp-content\/uploads\/2019\/12\/Emilio-nuevas-768x512.jpg 768w, https:\/\/www.granadablogs.com\/juezcalatayud\/wp-content\/uploads\/2019\/12\/Emilio-nuevas-644x429.jpg 644w\" sizes=\"auto, (max-width: 2362px) 100vw, 2362px\" \/><\/a><figcaption id=\"caption-attachment-11798\" class=\"wp-caption-text\">Foto: Alfredo Aguilar<\/figcaption><\/figure>\n<p>Buenas, soy Emilio Calatayud. Me apiado del beb\u00e9 muerto en un coche, al parecer, por un tr\u00e1gico olvido y de sus padres. Es todo lo que se puede hacer y decir. Silencio, respeto y compasi\u00f3n.<\/p>\n","protected":false},"excerpt":{"rendered":"<p>&nbsp; Buenas, soy Emilio Calatayud. Me apiado del beb\u00e9 muerto en un coche, al parecer, por un tr\u00e1gico olvido y de sus padres. Es todo lo que se puede hacer y decir. Silencio, respeto y compasi\u00f3n.<\/p>\n","protected":false},"author":1,"featured_media":0,"comment_status":"open","ping_status":"open","sticky":false,"template":"","format":"standard","meta":{"jetpack_post_was_ever_published":false,"_jetpack_newsletter_access":"","_jetpack_dont_email_post_to_subs":false,"_jetpack_newsletter_tier_id":0,"_jetpack_memberships_contains_paywalled_content":false,"_jetpack_memberships_contains_paid_content":false,"footnotes":""},"categories":[],"tags":[1315,1919,2961],"class_list":["post-18050","post","type-post","status-publish","format-standard","hentry","tag-bebe","tag-muerto","tag-olvido"],"jetpack_featured_media_url":"","jetpack_shortlink":"https:\/\/wp.me\/p5fzW5-4H8","jetpack-related-posts":[],"jetpack_sharing_enabled":true,"_links":{"self":[{"href":"https:\/\/www.granadablogs.com\/juezcalatayud\/wp-json\/wp\/v2\/posts\/18050","targetHints":{"allow":["GET"]}}],"collection":[{"href":"https:\/\/www.granadablogs.com\/juezcalatayud\/wp-json\/wp\/v2\/posts"}],"about":[{"href":"https:\/\/www.granadablogs.com\/juezcalatayud\/wp-json\/wp\/v2\/types\/post"}],"author":[{"embeddable":true,"href":"https:\/\/www.granadablogs.com\/juezcalatayud\/wp-json\/wp\/v2\/users\/1"}],"replies":[{"embeddable":true,"href":"https:\/\/www.granadablogs.com\/juezcalatayud\/wp-json\/wp\/v2\/comments?post=18050"}],"version-history":[{"count":1,"href":"https:\/\/www.granadablogs.com\/juezcalatayud\/wp-json\/wp\/v2\/posts\/18050\/revisions"}],"predecessor-version":[{"id":18051,"href":"https:\/\/www.granadablogs.com\/juezcalatayud\/wp-json\/wp\/v2\/posts\/18050\/revisions\/18051"}],"wp:attachment":[{"href":"https:\/\/www.granadablogs.com\/juezcalatayud\/wp-json\/wp\/v2\/media?parent=18050"}],"wp:term":[{"taxonomy":"category","embeddable":true,"href":"https:\/\/www.granadablogs.com\/juezcalatayud\/wp-json\/wp\/v2\/categories?post=18050"},{"taxonomy":"post_tag","embeddable":true,"href":"https:\/\/www.granadablogs.com\/juezcalatayud\/wp-json\/wp\/v2\/tags?post=18050"}],"curies":[{"name":"wp","href":"https:\/\/api.w.org\/{rel}","templated":true}]}}