{"id":1802,"date":"2012-04-19T14:28:25","date_gmt":"2012-04-19T13:28:25","guid":{"rendered":"http:\/\/www.granadablogs.com\/juezcalatayud\/?p=1802"},"modified":"2012-04-19T14:28:25","modified_gmt":"2012-04-19T13:28:25","slug":"la-peticion-de-perdon-del-rey-que-cunda-el-ejemplo","status":"publish","type":"post","link":"https:\/\/www.granadablogs.com\/juezcalatayud\/2012\/04\/la-peticion-de-perdon-del-rey-que-cunda-el-ejemplo\/","title":{"rendered":"La petici\u00f3n de perd\u00f3n del Rey, que cunda el ejemplo"},"content":{"rendered":"<p>Buenas, soy Emilio Calatayud. El Rey ha pedido perd\u00f3n por lo del safari en \u00c1frica y a m\u00ed, como a otros muchos espa\u00f1oles, me ha parecido una buena reacci\u00f3n. Los medios de comunicaci\u00f3n y la gente en general han apretado para que esto ocurriera y eso tambi\u00e9n est\u00e1 bien. Ahora lo que hace falta es que cunda el ejemplo, que los medios y todos en en general presionemos para que los pol\u00edticos tambi\u00e9n pidan perd\u00f3n por habernos metido en la que nos han metido. A ver si es verdad y hacen como el Rey. Tambi\u00e9n ser\u00eda bueno. Un saludo.<\/p>\n","protected":false},"excerpt":{"rendered":"<p>Buenas, soy Emilio Calatayud. El Rey ha pedido perd\u00f3n por lo del safari en \u00c1frica y a m\u00ed, como a otros muchos espa\u00f1oles, me ha parecido una buena reacci\u00f3n. Los medios de comunicaci\u00f3n y la gente en general han apretado para que esto ocurriera y eso tambi\u00e9n est\u00e1 bien. Ahora lo que hace falta es [&hellip;]<\/p>\n","protected":false},"author":2,"featured_media":0,"comment_status":"open","ping_status":"open","sticky":false,"template":"","format":"standard","meta":{"jetpack_post_was_ever_published":false,"_jetpack_newsletter_access":"","_jetpack_dont_email_post_to_subs":false,"_jetpack_newsletter_tier_id":0,"_jetpack_memberships_contains_paywalled_content":false,"_jetpack_memberships_contains_paid_content":false,"footnotes":""},"categories":[1],"tags":[382,383],"class_list":["post-1802","post","type-post","status-publish","format-standard","hentry","category-blog","tag-rey","tag-safari"],"jetpack_featured_media_url":"","jetpack_shortlink":"https:\/\/wp.me\/p5fzW5-t4","jetpack-related-posts":[],"jetpack_sharing_enabled":true,"_links":{"self":[{"href":"https:\/\/www.granadablogs.com\/juezcalatayud\/wp-json\/wp\/v2\/posts\/1802","targetHints":{"allow":["GET"]}}],"collection":[{"href":"https:\/\/www.granadablogs.com\/juezcalatayud\/wp-json\/wp\/v2\/posts"}],"about":[{"href":"https:\/\/www.granadablogs.com\/juezcalatayud\/wp-json\/wp\/v2\/types\/post"}],"author":[{"embeddable":true,"href":"https:\/\/www.granadablogs.com\/juezcalatayud\/wp-json\/wp\/v2\/users\/2"}],"replies":[{"embeddable":true,"href":"https:\/\/www.granadablogs.com\/juezcalatayud\/wp-json\/wp\/v2\/comments?post=1802"}],"version-history":[{"count":1,"href":"https:\/\/www.granadablogs.com\/juezcalatayud\/wp-json\/wp\/v2\/posts\/1802\/revisions"}],"predecessor-version":[{"id":1803,"href":"https:\/\/www.granadablogs.com\/juezcalatayud\/wp-json\/wp\/v2\/posts\/1802\/revisions\/1803"}],"wp:attachment":[{"href":"https:\/\/www.granadablogs.com\/juezcalatayud\/wp-json\/wp\/v2\/media?parent=1802"}],"wp:term":[{"taxonomy":"category","embeddable":true,"href":"https:\/\/www.granadablogs.com\/juezcalatayud\/wp-json\/wp\/v2\/categories?post=1802"},{"taxonomy":"post_tag","embeddable":true,"href":"https:\/\/www.granadablogs.com\/juezcalatayud\/wp-json\/wp\/v2\/tags?post=1802"}],"curies":[{"name":"wp","href":"https:\/\/api.w.org\/{rel}","templated":true}]}}