{"id":17996,"date":"2023-06-28T20:23:40","date_gmt":"2023-06-28T18:23:40","guid":{"rendered":"https:\/\/www.granadablogs.com\/juezcalatayud\/?p=17996"},"modified":"2023-06-28T20:27:26","modified_gmt":"2023-06-28T18:27:26","slug":"premio-al-fomento-de-la-lectura-para-el-cole-andalucia-de-las-tres-mil-viviendas-ole-de-parte-de-un-juez-que-condena-a-los-ninos-a-leer","status":"publish","type":"post","link":"https:\/\/www.granadablogs.com\/juezcalatayud\/2023\/06\/premio-al-fomento-de-la-lectura-para-el-cole-andalucia-de-las-tres-mil-viviendas-ole-de-parte-de-un-juez-que-condena-a-los-ninos-a-leer\/","title":{"rendered":"Premio al fomento de la lectura para el cole Andaluc\u00eda de las Tres Mil Viviendas, ol\u00e9 de parte de un juez que condena a los ni\u00f1os a leer"},"content":{"rendered":"<figure id=\"attachment_10620\" aria-describedby=\"caption-attachment-10620\" style=\"width: 3307px\" class=\"wp-caption alignnone\"><a href=\"https:\/\/www.granadablogs.com\/juezcalatayud\/wp-content\/uploads\/2019\/05\/Corte.jpg\"><img loading=\"lazy\" decoding=\"async\" class=\"size-full wp-image-10620\" src=\"https:\/\/www.granadablogs.com\/juezcalatayud\/wp-content\/uploads\/2019\/05\/Corte.jpg\" alt=\"\" width=\"3307\" height=\"2205\" srcset=\"https:\/\/www.granadablogs.com\/juezcalatayud\/wp-content\/uploads\/2019\/05\/Corte.jpg 3307w, https:\/\/www.granadablogs.com\/juezcalatayud\/wp-content\/uploads\/2019\/05\/Corte-300x200.jpg 300w, https:\/\/www.granadablogs.com\/juezcalatayud\/wp-content\/uploads\/2019\/05\/Corte-768x512.jpg 768w, https:\/\/www.granadablogs.com\/juezcalatayud\/wp-content\/uploads\/2019\/05\/Corte-644x429.jpg 644w\" sizes=\"auto, (max-width: 3307px) 100vw, 3307px\" \/><\/a><figcaption id=\"caption-attachment-10620\" class=\"wp-caption-text\">Foto: Ram\u00f3n L. P\u00e9rez<\/figcaption><\/figure>\n<p>Buenas, soy Emilio Calatayud. El cole Andaluc\u00eda, que est\u00e1 en el barrio de las Tres Mil Viviendas de Sevilla (quiz\u00e1 la zona m\u00e1s deprimida de la ciudad) ha ganado el Premio Nacional al Fomento de la Lectura. Muchas felicidades a todas los maestros y familias que lo han hecho posible. La educaci\u00f3n, la lectura&#8230; son la libertad. Ol\u00e9 de parte de un juez que condena a los ni\u00f1os a aprender a leer.<\/p>\n","protected":false},"excerpt":{"rendered":"<p>Buenas, soy Emilio Calatayud. El cole Andaluc\u00eda, que est\u00e1 en el barrio de las Tres Mil Viviendas de Sevilla (quiz\u00e1 la zona m\u00e1s deprimida de la ciudad) ha ganado el Premio Nacional al Fomento de la Lectura. Muchas felicidades a todas los maestros y familias que lo han hecho posible. La educaci\u00f3n, la lectura&#8230; son [&hellip;]<\/p>\n","protected":false},"author":1,"featured_media":0,"comment_status":"open","ping_status":"open","sticky":false,"template":"","format":"standard","meta":{"jetpack_post_was_ever_published":false,"_jetpack_newsletter_access":"","_jetpack_dont_email_post_to_subs":false,"_jetpack_newsletter_tier_id":0,"_jetpack_memberships_contains_paywalled_content":false,"_jetpack_memberships_contains_paid_content":false,"footnotes":""},"categories":[],"tags":[36,41,1190],"class_list":["post-17996","post","type-post","status-publish","format-standard","hentry","tag-lectura","tag-ninos","tag-premio"],"jetpack_featured_media_url":"","jetpack_shortlink":"https:\/\/wp.me\/p5fzW5-4Gg","jetpack-related-posts":[],"jetpack_sharing_enabled":true,"_links":{"self":[{"href":"https:\/\/www.granadablogs.com\/juezcalatayud\/wp-json\/wp\/v2\/posts\/17996","targetHints":{"allow":["GET"]}}],"collection":[{"href":"https:\/\/www.granadablogs.com\/juezcalatayud\/wp-json\/wp\/v2\/posts"}],"about":[{"href":"https:\/\/www.granadablogs.com\/juezcalatayud\/wp-json\/wp\/v2\/types\/post"}],"author":[{"embeddable":true,"href":"https:\/\/www.granadablogs.com\/juezcalatayud\/wp-json\/wp\/v2\/users\/1"}],"replies":[{"embeddable":true,"href":"https:\/\/www.granadablogs.com\/juezcalatayud\/wp-json\/wp\/v2\/comments?post=17996"}],"version-history":[{"count":4,"href":"https:\/\/www.granadablogs.com\/juezcalatayud\/wp-json\/wp\/v2\/posts\/17996\/revisions"}],"predecessor-version":[{"id":18000,"href":"https:\/\/www.granadablogs.com\/juezcalatayud\/wp-json\/wp\/v2\/posts\/17996\/revisions\/18000"}],"wp:attachment":[{"href":"https:\/\/www.granadablogs.com\/juezcalatayud\/wp-json\/wp\/v2\/media?parent=17996"}],"wp:term":[{"taxonomy":"category","embeddable":true,"href":"https:\/\/www.granadablogs.com\/juezcalatayud\/wp-json\/wp\/v2\/categories?post=17996"},{"taxonomy":"post_tag","embeddable":true,"href":"https:\/\/www.granadablogs.com\/juezcalatayud\/wp-json\/wp\/v2\/tags?post=17996"}],"curies":[{"name":"wp","href":"https:\/\/api.w.org\/{rel}","templated":true}]}}