{"id":17992,"date":"2023-06-27T20:19:49","date_gmt":"2023-06-27T18:19:49","guid":{"rendered":"https:\/\/www.granadablogs.com\/juezcalatayud\/?p=17992"},"modified":"2023-06-27T20:19:49","modified_gmt":"2023-06-27T18:19:49","slug":"se-acabo-el-cole-y-la-paz-en-el-hogar-papas-y-mamas-no-vale-dejarle-el-movil-a-los-ninos-para-que-se-entretengan","status":"publish","type":"post","link":"https:\/\/www.granadablogs.com\/juezcalatayud\/2023\/06\/se-acabo-el-cole-y-la-paz-en-el-hogar-papas-y-mamas-no-vale-dejarle-el-movil-a-los-ninos-para-que-se-entretengan\/","title":{"rendered":"Se acab\u00f3 el &#8216;cole&#8217; y la paz en el hogar, pap\u00e1s y mam\u00e1s, no vale dejarle el m\u00f3vil a los ni\u00f1os para que se entretengan"},"content":{"rendered":"<figure id=\"attachment_8857\" aria-describedby=\"caption-attachment-8857\" style=\"width: 630px\" class=\"wp-caption alignnone\"><a href=\"https:\/\/www.granadablogs.com\/juezcalatayud\/wp-content\/uploads\/2018\/07\/risa-2.jpg\"><img loading=\"lazy\" decoding=\"async\" class=\"wp-image-8857 size-full\" src=\"https:\/\/www.granadablogs.com\/juezcalatayud\/wp-content\/uploads\/2018\/07\/risa-2.jpg\" alt=\"\" width=\"630\" height=\"315\" srcset=\"https:\/\/www.granadablogs.com\/juezcalatayud\/wp-content\/uploads\/2018\/07\/risa-2.jpg 630w, https:\/\/www.granadablogs.com\/juezcalatayud\/wp-content\/uploads\/2018\/07\/risa-2-300x150.jpg 300w\" sizes=\"auto, (max-width: 630px) 100vw, 630px\" \/><\/a><figcaption id=\"caption-attachment-8857\" class=\"wp-caption-text\">Foto: Alfredo Aguilar.<\/figcaption><\/figure>\n<p>Buenas, soy Emilio Calatayud. Se acab\u00f3 el &#8216;cole&#8217; y la paz en el hogar, ja, ja, ja. Una alegr\u00eda, dicen. Solo una petici\u00f3n para los pap\u00e1s y las mam\u00e1s: no vale dejarle el m\u00f3vil a los ni\u00f1os para que se entretengan. Eso es lo f\u00e1cil, pero no es bueno. Vuestros hijos os lo agradecer\u00e1n. Venga, a inflar flotadores, ja, ja, ja.<\/p>\n","protected":false},"excerpt":{"rendered":"<p>Buenas, soy Emilio Calatayud. Se acab\u00f3 el &#8216;cole&#8217; y la paz en el hogar, ja, ja, ja. Una alegr\u00eda, dicen. Solo una petici\u00f3n para los pap\u00e1s y las mam\u00e1s: no vale dejarle el m\u00f3vil a los ni\u00f1os para que se entretengan. Eso es lo f\u00e1cil, pero no es bueno. Vuestros hijos os lo agradecer\u00e1n. Venga, [&hellip;]<\/p>\n","protected":false},"author":1,"featured_media":0,"comment_status":"open","ping_status":"open","sticky":false,"template":"","format":"standard","meta":{"jetpack_post_was_ever_published":false,"_jetpack_newsletter_access":"","_jetpack_dont_email_post_to_subs":false,"_jetpack_newsletter_tier_id":0,"_jetpack_memberships_contains_paywalled_content":false,"_jetpack_memberships_contains_paid_content":false,"footnotes":""},"categories":[],"tags":[869,663,3467],"class_list":["post-17992","post","type-post","status-publish","format-standard","hentry","tag-cole","tag-movil","tag-se-acabo"],"jetpack_featured_media_url":"","jetpack_shortlink":"https:\/\/wp.me\/p5fzW5-4Gc","jetpack-related-posts":[],"jetpack_sharing_enabled":true,"_links":{"self":[{"href":"https:\/\/www.granadablogs.com\/juezcalatayud\/wp-json\/wp\/v2\/posts\/17992","targetHints":{"allow":["GET"]}}],"collection":[{"href":"https:\/\/www.granadablogs.com\/juezcalatayud\/wp-json\/wp\/v2\/posts"}],"about":[{"href":"https:\/\/www.granadablogs.com\/juezcalatayud\/wp-json\/wp\/v2\/types\/post"}],"author":[{"embeddable":true,"href":"https:\/\/www.granadablogs.com\/juezcalatayud\/wp-json\/wp\/v2\/users\/1"}],"replies":[{"embeddable":true,"href":"https:\/\/www.granadablogs.com\/juezcalatayud\/wp-json\/wp\/v2\/comments?post=17992"}],"version-history":[{"count":3,"href":"https:\/\/www.granadablogs.com\/juezcalatayud\/wp-json\/wp\/v2\/posts\/17992\/revisions"}],"predecessor-version":[{"id":17995,"href":"https:\/\/www.granadablogs.com\/juezcalatayud\/wp-json\/wp\/v2\/posts\/17992\/revisions\/17995"}],"wp:attachment":[{"href":"https:\/\/www.granadablogs.com\/juezcalatayud\/wp-json\/wp\/v2\/media?parent=17992"}],"wp:term":[{"taxonomy":"category","embeddable":true,"href":"https:\/\/www.granadablogs.com\/juezcalatayud\/wp-json\/wp\/v2\/categories?post=17992"},{"taxonomy":"post_tag","embeddable":true,"href":"https:\/\/www.granadablogs.com\/juezcalatayud\/wp-json\/wp\/v2\/tags?post=17992"}],"curies":[{"name":"wp","href":"https:\/\/api.w.org\/{rel}","templated":true}]}}